
{"id":16412,"date":"2017-05-21T18:58:11","date_gmt":"2017-05-21T18:58:11","guid":{"rendered":"https:\/\/www.lejournalduforkane.com\/?p=16412"},"modified":"2017-05-21T18:58:11","modified_gmt":"2017-05-21T18:58:11","slug":"assiegee-par-larmee-saoudienne-depuis-une-dizaine-de-jours-une-ville-chiite-est-a-lagonie","status":"publish","type":"post","link":"https:\/\/www.lejournalduforkane.com\/index.php\/assiegee-par-larmee-saoudienne-depuis-une-dizaine-de-jours-une-ville-chiite-est-a-lagonie\/","title":{"rendered":"Assi\u00e9g\u00e9e par l&rsquo;arm\u00e9e saoudienne depuis une dizaine de jours, une ville chiite est \u00e0 l&rsquo;agonie"},"content":{"rendered":"<p><!--more--><\/p>\n<div id=\"js_bf\" class=\"_5pbx userContent\" data-ft=\"{&quot;tn&quot;:&quot;K&quot;}\">\n<p style=\"text-align: justify;\">Les habitants de la ville d&rsquo;Al-Awamia, en Arabie saoudite, sont assi\u00e9g\u00e9s par les forces gouvernementales depuis plus d&rsquo;une semaine&#8230;<\/p>\n<p><iframe loading=\"lazy\" src=\"https:\/\/www.youtube.com\/embed\/mx0oCa_GbPs\" width=\"560\" height=\"315\" frameborder=\"0\" allowfullscreen=\"allowfullscreen\"><\/iframe><\/p>\n<\/div>\n","protected":false},"excerpt":{"rendered":"Les habitants de la ville d'Al-Awamia, en Arabie saoudite, sont assi\u00e9g\u00e9s par les forces gouvernementales depuis plus d'une semaine...","protected":false},"author":2,"featured_media":0,"comment_status":"closed","ping_status":"open","sticky":false,"template":"","format":"standard","meta":[],"categories":[49],"tags":[],"_links":{"self":[{"href":"https:\/\/www.lejournalduforkane.com\/index.php\/wp-json\/wp\/v2\/posts\/16412"}],"collection":[{"href":"https:\/\/www.lejournalduforkane.com\/index.php\/wp-json\/wp\/v2\/posts"}],"about":[{"href":"https:\/\/www.lejournalduforkane.com\/index.php\/wp-json\/wp\/v2\/types\/post"}],"author":[{"embeddable":true,"href":"https:\/\/www.lejournalduforkane.com\/index.php\/wp-json\/wp\/v2\/users\/2"}],"replies":[{"embeddable":true,"href":"https:\/\/www.lejournalduforkane.com\/index.php\/wp-json\/wp\/v2\/comments?post=16412"}],"version-history":[{"count":1,"href":"https:\/\/www.lejournalduforkane.com\/index.php\/wp-json\/wp\/v2\/posts\/16412\/revisions"}],"predecessor-version":[{"id":16414,"href":"https:\/\/www.lejournalduforkane.com\/index.php\/wp-json\/wp\/v2\/posts\/16412\/revisions\/16414"}],"wp:attachment":[{"href":"https:\/\/www.lejournalduforkane.com\/index.php\/wp-json\/wp\/v2\/media?parent=16412"}],"wp:term":[{"taxonomy":"category","embeddable":true,"href":"https:\/\/www.lejournalduforkane.com\/index.php\/wp-json\/wp\/v2\/categories?post=16412"},{"taxonomy":"post_tag","embeddable":true,"href":"https:\/\/www.lejournalduforkane.com\/index.php\/wp-json\/wp\/v2\/tags?post=16412"}],"curies":[{"name":"wp","href":"https:\/\/api.w.org\/{rel}","templated":true}]}}