
{"id":16497,"date":"2017-05-29T18:55:10","date_gmt":"2017-05-29T18:55:10","guid":{"rendered":"https:\/\/www.lejournalduforkane.com\/?p=16497"},"modified":"2017-05-29T18:55:10","modified_gmt":"2017-05-29T18:55:10","slug":"liran-au-secours-de-gaza","status":"publish","type":"post","link":"https:\/\/www.lejournalduforkane.com\/index.php\/liran-au-secours-de-gaza\/","title":{"rendered":"L\u2019Iran au secours de Gaza\u00a0"},"content":{"rendered":"<p><!--more--><\/p>\n<div class=\"\" data-block=\"true\" data-editor=\"au0f3\" data-offset-key=\"e5olt-0-0\">\n<div class=\"_1mf _1mj\" data-offset-key=\"e5olt-0-0\">La R\u00e9publique islamique d\u2019Iran a envoy\u00e9e des convois humanitaires qui contenaient des denr\u00e9es alimentaires pour le mois b\u00e9ni de Ramadhan \u00e0 des milliers de familles palestiniennes (250 000) afin d\u2019aider la population.<\/div>\n<\/div>\n<div class=\"\" data-block=\"true\" data-editor=\"au0f3\" data-offset-key=\"4n8cb-0-0\">\n<div class=\"_1mf _1mj\" data-offset-key=\"4n8cb-0-0\"><span data-offset-key=\"4n8cb-0-0\">\u00a0<\/span><\/div>\n<\/div>\n<div class=\"\" data-block=\"true\" data-editor=\"au0f3\" data-offset-key=\"ekskp-0-0\">\n<div class=\"_1mf _1mj\" data-offset-key=\"ekskp-0-0\"><span data-offset-key=\"ekskp-0-0\"><span data-text=\"true\">Financ\u00e9 par le Croissant-Rouge iranien, ce projet de charit\u00e9 soulagera quelques 250 000 palestiniens dans la bande de Gaza, ce programme s\u2019\u00e9tendra sur tout le mois.<\/span><\/span><\/div>\n<\/div>\n<div class=\"\" data-block=\"true\" data-editor=\"au0f3\" data-offset-key=\"7rbiv-0-0\">\n<div class=\"_1mf _1mj\" data-offset-key=\"7rbiv-0-0\"><span data-offset-key=\"7rbiv-0-0\">\u00a0<\/span><\/div>\n<\/div>\n<div class=\"\" data-block=\"true\" data-editor=\"au0f3\" data-offset-key=\"4pmin-0-0\">\n<div class=\"_1mf _1mj\" data-offset-key=\"4pmin-0-0\"><span data-offset-key=\"4pmin-0-0\"><span data-text=\"true\">Lire article La R\u00e9publique islamique d\u2019Iran au secours des Musulmans :<a href=\"https:\/\/www.lejournalduforkane.com\/index.php\/la-republique-islamique-diran-au-secours-des-musulmans-2\"> www.lejournalduforkane.com\/index.php\/la-republique-islamique-diran-au-secours-des-musulmans-2<\/a><\/span><\/span><\/div>\n<div class=\"_1mf _1mj\" data-offset-key=\"4pmin-0-0\"><\/div>\n<\/div>\n<p><iframe loading=\"lazy\" src=\"https:\/\/www.youtube.com\/embed\/u9wVifrMYg8\" width=\"560\" height=\"315\" frameborder=\"0\" allowfullscreen=\"allowfullscreen\"><\/iframe><\/p>\n","protected":false},"excerpt":{"rendered":"La R\u00e9publique islamique d\u2019Iran a envoy\u00e9e des convois humanitaires qui contenaient des denr\u00e9es alimentaires pour le mois b\u00e9ni de Ramadhan \u00e0 des milliers de familles palestiniennes (250 000) afin d\u2019aider","protected":false},"author":2,"featured_media":0,"comment_status":"closed","ping_status":"open","sticky":false,"template":"","format":"standard","meta":[],"categories":[49],"tags":[],"_links":{"self":[{"href":"https:\/\/www.lejournalduforkane.com\/index.php\/wp-json\/wp\/v2\/posts\/16497"}],"collection":[{"href":"https:\/\/www.lejournalduforkane.com\/index.php\/wp-json\/wp\/v2\/posts"}],"about":[{"href":"https:\/\/www.lejournalduforkane.com\/index.php\/wp-json\/wp\/v2\/types\/post"}],"author":[{"embeddable":true,"href":"https:\/\/www.lejournalduforkane.com\/index.php\/wp-json\/wp\/v2\/users\/2"}],"replies":[{"embeddable":true,"href":"https:\/\/www.lejournalduforkane.com\/index.php\/wp-json\/wp\/v2\/comments?post=16497"}],"version-history":[{"count":1,"href":"https:\/\/www.lejournalduforkane.com\/index.php\/wp-json\/wp\/v2\/posts\/16497\/revisions"}],"predecessor-version":[{"id":16499,"href":"https:\/\/www.lejournalduforkane.com\/index.php\/wp-json\/wp\/v2\/posts\/16497\/revisions\/16499"}],"wp:attachment":[{"href":"https:\/\/www.lejournalduforkane.com\/index.php\/wp-json\/wp\/v2\/media?parent=16497"}],"wp:term":[{"taxonomy":"category","embeddable":true,"href":"https:\/\/www.lejournalduforkane.com\/index.php\/wp-json\/wp\/v2\/categories?post=16497"},{"taxonomy":"post_tag","embeddable":true,"href":"https:\/\/www.lejournalduforkane.com\/index.php\/wp-json\/wp\/v2\/tags?post=16497"}],"curies":[{"name":"wp","href":"https:\/\/api.w.org\/{rel}","templated":true}]}}