
{"id":16529,"date":"2017-06-02T17:44:27","date_gmt":"2017-06-02T17:44:27","guid":{"rendered":"https:\/\/www.lejournalduforkane.com\/?p=16529"},"modified":"2017-06-02T17:44:27","modified_gmt":"2017-06-02T17:44:27","slug":"les-douanes-francaises-saisissent-du-captagon-la-drogue-des-terroristes-salafistes-de-daesh-destine-a-larabie-saoudite","status":"publish","type":"post","link":"https:\/\/www.lejournalduforkane.com\/index.php\/les-douanes-francaises-saisissent-du-captagon-la-drogue-des-terroristes-salafistes-de-daesh-destine-a-larabie-saoudite\/","title":{"rendered":"Les douanes fran\u00e7aises saisissent du captagon, la drogue des terroristes salafistes de Daesh, destin\u00e9 \u00e0 l&rsquo;Arabie saoudite"},"content":{"rendered":"<p><!--more--><\/p>\n<p>135 kg de captagon ont \u00e9t\u00e9 saisis en janvier et f\u00e9vrier \u00e0 l&rsquo;a\u00e9roport parisien de Roissy, une premi\u00e8re en France, a annonc\u00e9 le 30 mai la douane francaise.<\/p>\n<p>D&rsquo;o\u00f9 provient ce captagon ?<\/p>\n<p>En savoir plus : Les combattants de Daesh de vrais drogu\u00e9s ==&gt; <a href=\"https:\/\/www.lejournalduforkane.com\/index.php\/les-combattants-d-daesh-de-vrais-drogues\">www.lejournalduforkane.com\/index.php\/les-combattants-d-daesh-de-vrais-drogues<\/a><br \/>\n<iframe loading=\"lazy\" src=\"https:\/\/www.youtube.com\/embed\/goRY-DCHVr8\" width=\"560\" height=\"315\" frameborder=\"0\" allowfullscreen=\"allowfullscreen\"><\/iframe><\/p>\n","protected":false},"excerpt":{"rendered":"135 kg de captagon ont \u00e9t\u00e9 saisis en janvier et f\u00e9vrier \u00e0 l'a\u00e9roport parisien de Roissy, une premi\u00e8re en France, a annonc\u00e9 le 30 mai la douane francaise. D'o\u00f9 provient","protected":false},"author":2,"featured_media":0,"comment_status":"closed","ping_status":"open","sticky":false,"template":"","format":"standard","meta":[],"categories":[49],"tags":[],"_links":{"self":[{"href":"https:\/\/www.lejournalduforkane.com\/index.php\/wp-json\/wp\/v2\/posts\/16529"}],"collection":[{"href":"https:\/\/www.lejournalduforkane.com\/index.php\/wp-json\/wp\/v2\/posts"}],"about":[{"href":"https:\/\/www.lejournalduforkane.com\/index.php\/wp-json\/wp\/v2\/types\/post"}],"author":[{"embeddable":true,"href":"https:\/\/www.lejournalduforkane.com\/index.php\/wp-json\/wp\/v2\/users\/2"}],"replies":[{"embeddable":true,"href":"https:\/\/www.lejournalduforkane.com\/index.php\/wp-json\/wp\/v2\/comments?post=16529"}],"version-history":[{"count":1,"href":"https:\/\/www.lejournalduforkane.com\/index.php\/wp-json\/wp\/v2\/posts\/16529\/revisions"}],"predecessor-version":[{"id":16531,"href":"https:\/\/www.lejournalduforkane.com\/index.php\/wp-json\/wp\/v2\/posts\/16529\/revisions\/16531"}],"wp:attachment":[{"href":"https:\/\/www.lejournalduforkane.com\/index.php\/wp-json\/wp\/v2\/media?parent=16529"}],"wp:term":[{"taxonomy":"category","embeddable":true,"href":"https:\/\/www.lejournalduforkane.com\/index.php\/wp-json\/wp\/v2\/categories?post=16529"},{"taxonomy":"post_tag","embeddable":true,"href":"https:\/\/www.lejournalduforkane.com\/index.php\/wp-json\/wp\/v2\/tags?post=16529"}],"curies":[{"name":"wp","href":"https:\/\/api.w.org\/{rel}","templated":true}]}}