
{"id":16532,"date":"2017-06-02T18:43:08","date_gmt":"2017-06-02T18:43:08","guid":{"rendered":"https:\/\/www.lejournalduforkane.com\/?p=16532"},"modified":"2017-06-02T18:43:08","modified_gmt":"2017-06-02T18:43:08","slug":"video-choc-les-sauvages-soldats-sionistes-tirent-sur-une-jeune-palestinienne-a-jenine-en-cisjordanie","status":"publish","type":"post","link":"https:\/\/www.lejournalduforkane.com\/index.php\/video-choc-les-sauvages-soldats-sionistes-tirent-sur-une-jeune-palestinienne-a-jenine-en-cisjordanie\/","title":{"rendered":"VID\u00c9O CHOC !!! Les sauvages soldats sionistes tirent sur une jeune palestinienne \u00e0 J\u00e9nine, en Cisjordanie."},"content":{"rendered":"<p><!--more--><\/p>\n<div id=\"js_fo\" class=\"_5pbx userContent\" data-ft=\"{&quot;tn&quot;:&quot;K&quot;}\">\n<p>C\u2019EST QUE CETTE ARM\u00c9E SIONISTE N\u2019EN EST PAS UNE. CE SONT DES TRA\u00ceTRES QUI S\u2019EN PRENNENT EXCLUSIVEMENT A PLUS FAIBLE QU\u2019EUX.<\/p>\n<p>D\u00e9non\u00e7ons les crimes de sionistes et tous solidaires avec la Palestine.<\/p>\n<\/div>\n<p><iframe loading=\"lazy\" width=\"560\" height=\"315\" src=\"https:\/\/www.youtube.com\/embed\/MJkm4ROf0Gs\" frameborder=\"0\" allowfullscreen><\/iframe><\/p>\n","protected":false},"excerpt":{"rendered":"C\u2019EST QUE CETTE ARM\u00c9E SIONISTE N\u2019EN EST PAS UNE. CE SONT DES TRA\u00ceTRES QUI S\u2019EN PRENNENT EXCLUSIVEMENT A PLUS FAIBLE QU\u2019EUX. D\u00e9non\u00e7ons les crimes de sionistes et tous solidaires avec","protected":false},"author":2,"featured_media":0,"comment_status":"closed","ping_status":"open","sticky":false,"template":"","format":"standard","meta":[],"categories":[49],"tags":[],"_links":{"self":[{"href":"https:\/\/www.lejournalduforkane.com\/index.php\/wp-json\/wp\/v2\/posts\/16532"}],"collection":[{"href":"https:\/\/www.lejournalduforkane.com\/index.php\/wp-json\/wp\/v2\/posts"}],"about":[{"href":"https:\/\/www.lejournalduforkane.com\/index.php\/wp-json\/wp\/v2\/types\/post"}],"author":[{"embeddable":true,"href":"https:\/\/www.lejournalduforkane.com\/index.php\/wp-json\/wp\/v2\/users\/2"}],"replies":[{"embeddable":true,"href":"https:\/\/www.lejournalduforkane.com\/index.php\/wp-json\/wp\/v2\/comments?post=16532"}],"version-history":[{"count":1,"href":"https:\/\/www.lejournalduforkane.com\/index.php\/wp-json\/wp\/v2\/posts\/16532\/revisions"}],"predecessor-version":[{"id":16534,"href":"https:\/\/www.lejournalduforkane.com\/index.php\/wp-json\/wp\/v2\/posts\/16532\/revisions\/16534"}],"wp:attachment":[{"href":"https:\/\/www.lejournalduforkane.com\/index.php\/wp-json\/wp\/v2\/media?parent=16532"}],"wp:term":[{"taxonomy":"category","embeddable":true,"href":"https:\/\/www.lejournalduforkane.com\/index.php\/wp-json\/wp\/v2\/categories?post=16532"},{"taxonomy":"post_tag","embeddable":true,"href":"https:\/\/www.lejournalduforkane.com\/index.php\/wp-json\/wp\/v2\/tags?post=16532"}],"curies":[{"name":"wp","href":"https:\/\/api.w.org\/{rel}","templated":true}]}}