
{"id":16538,"date":"2017-06-04T11:05:34","date_gmt":"2017-06-04T11:05:34","guid":{"rendered":"https:\/\/www.lejournalduforkane.com\/?p=16538"},"modified":"2017-06-04T11:05:34","modified_gmt":"2017-06-04T11:05:34","slug":"video-le-cholera-frappe-le-yemen","status":"publish","type":"post","link":"https:\/\/www.lejournalduforkane.com\/index.php\/video-le-cholera-frappe-le-yemen\/","title":{"rendered":"Vid\u00e9o : Le chol\u00e9ra frappe le Y\u00e9men"},"content":{"rendered":"<p><!--more--><\/p>\n<div id=\"js_ph\" class=\"_5pbx userContent\" data-ft=\"{&quot;tn&quot;:&quot;K&quot;}\">\n<p style=\"text-align: justify;\">Au cours des derni\u00e8res 24 heures seulement, le nombre de cas suspect\u00e9s de chol\u00e9ra est pass\u00e9 de 65 300 \u00e0 plus de 69,559 dans tout le Y\u00e9men.<\/p>\n<p style=\"text-align: justify;\">La situation au Y\u00e9men est catastrophique. Les syst\u00e8mes d&rsquo;eau, d&rsquo;assainissement et de sant\u00e9 se sont effondr\u00e9s. Plus de 27 millions de Y\u00e9m\u00e9nites assistent impuissants \u00e0 une implacable catastrophe humanitaire. Les premi\u00e8res victimes de cette trag\u00e9die cr\u00e9\u00e9e par l&rsquo;Arabie Saoudite et sa maudite coalition sont les personnes les plus vuln\u00e9rables du pays &#8211; les enfants !<\/p>\n<\/div>\n<p><iframe loading=\"lazy\" src=\"https:\/\/www.youtube.com\/embed\/2zg_6qigzIs\" width=\"560\" height=\"315\" frameborder=\"0\" allowfullscreen=\"allowfullscreen\"><\/iframe><\/p>\n","protected":false},"excerpt":{"rendered":"Au cours des derni\u00e8res 24 heures seulement, le nombre de cas suspect\u00e9s de chol\u00e9ra est pass\u00e9 de 65 300 \u00e0 plus de 69,559 dans tout le Y\u00e9men. La situation au","protected":false},"author":2,"featured_media":0,"comment_status":"closed","ping_status":"open","sticky":false,"template":"","format":"standard","meta":[],"categories":[49],"tags":[],"_links":{"self":[{"href":"https:\/\/www.lejournalduforkane.com\/index.php\/wp-json\/wp\/v2\/posts\/16538"}],"collection":[{"href":"https:\/\/www.lejournalduforkane.com\/index.php\/wp-json\/wp\/v2\/posts"}],"about":[{"href":"https:\/\/www.lejournalduforkane.com\/index.php\/wp-json\/wp\/v2\/types\/post"}],"author":[{"embeddable":true,"href":"https:\/\/www.lejournalduforkane.com\/index.php\/wp-json\/wp\/v2\/users\/2"}],"replies":[{"embeddable":true,"href":"https:\/\/www.lejournalduforkane.com\/index.php\/wp-json\/wp\/v2\/comments?post=16538"}],"version-history":[{"count":1,"href":"https:\/\/www.lejournalduforkane.com\/index.php\/wp-json\/wp\/v2\/posts\/16538\/revisions"}],"predecessor-version":[{"id":16540,"href":"https:\/\/www.lejournalduforkane.com\/index.php\/wp-json\/wp\/v2\/posts\/16538\/revisions\/16540"}],"wp:attachment":[{"href":"https:\/\/www.lejournalduforkane.com\/index.php\/wp-json\/wp\/v2\/media?parent=16538"}],"wp:term":[{"taxonomy":"category","embeddable":true,"href":"https:\/\/www.lejournalduforkane.com\/index.php\/wp-json\/wp\/v2\/categories?post=16538"},{"taxonomy":"post_tag","embeddable":true,"href":"https:\/\/www.lejournalduforkane.com\/index.php\/wp-json\/wp\/v2\/tags?post=16538"}],"curies":[{"name":"wp","href":"https:\/\/api.w.org\/{rel}","templated":true}]}}