
{"id":16566,"date":"2017-06-05T18:41:07","date_gmt":"2017-06-05T18:41:07","guid":{"rendered":"https:\/\/www.lejournalduforkane.com\/?p=16566"},"modified":"2017-10-22T18:41:03","modified_gmt":"2017-10-22T18:41:03","slug":"larabie-saoudite-cest-daesh-et-daesh-cest-larabie-saoudite","status":"publish","type":"post","link":"https:\/\/www.lejournalduforkane.com\/index.php\/larabie-saoudite-cest-daesh-et-daesh-cest-larabie-saoudite\/","title":{"rendered":"L&rsquo;Arabie Saoudite c&rsquo;est Daesh et Daesh c&rsquo;est l&rsquo;Arabie Saoudite"},"content":{"rendered":"<p style=\"text-align: justify;\"><!--more--><\/p>\n<p style=\"text-align: justify;\">Le complot de DAESH cr\u00e9\u00e9 par l\u2019occident, Isra\u00ebl et des pays arabo-musulmans de la r\u00e9gion, \u00e0 savoir l\u2019Arabie, les p\u00e9tromonarchies et la Turquie, vise \u00e0 diviser la communaut\u00e9 islamique. Ils veulent d\u00e9truire l\u2019Islam !<\/p>\n<p><iframe loading=\"lazy\" src=\"\/\/rutube.ru\/play\/embed\/10670148\" width=\"600\" height=\"350\" frameborder=\"0\" allowfullscreen=\"allowfullscreen\"><\/iframe><\/p>\n<p>&nbsp;<\/p>\n","protected":false},"excerpt":{"rendered":"Le complot de DAESH cr\u00e9\u00e9 par l\u2019occident, Isra\u00ebl et des pays arabo-musulmans de la r\u00e9gion, \u00e0 savoir l\u2019Arabie, les p\u00e9tromonarchies et la Turquie, vise \u00e0 diviser la communaut\u00e9 islamique. Ils","protected":false},"author":2,"featured_media":0,"comment_status":"closed","ping_status":"open","sticky":false,"template":"","format":"standard","meta":[],"categories":[49],"tags":[],"_links":{"self":[{"href":"https:\/\/www.lejournalduforkane.com\/index.php\/wp-json\/wp\/v2\/posts\/16566"}],"collection":[{"href":"https:\/\/www.lejournalduforkane.com\/index.php\/wp-json\/wp\/v2\/posts"}],"about":[{"href":"https:\/\/www.lejournalduforkane.com\/index.php\/wp-json\/wp\/v2\/types\/post"}],"author":[{"embeddable":true,"href":"https:\/\/www.lejournalduforkane.com\/index.php\/wp-json\/wp\/v2\/users\/2"}],"replies":[{"embeddable":true,"href":"https:\/\/www.lejournalduforkane.com\/index.php\/wp-json\/wp\/v2\/comments?post=16566"}],"version-history":[{"count":3,"href":"https:\/\/www.lejournalduforkane.com\/index.php\/wp-json\/wp\/v2\/posts\/16566\/revisions"}],"predecessor-version":[{"id":18136,"href":"https:\/\/www.lejournalduforkane.com\/index.php\/wp-json\/wp\/v2\/posts\/16566\/revisions\/18136"}],"wp:attachment":[{"href":"https:\/\/www.lejournalduforkane.com\/index.php\/wp-json\/wp\/v2\/media?parent=16566"}],"wp:term":[{"taxonomy":"category","embeddable":true,"href":"https:\/\/www.lejournalduforkane.com\/index.php\/wp-json\/wp\/v2\/categories?post=16566"},{"taxonomy":"post_tag","embeddable":true,"href":"https:\/\/www.lejournalduforkane.com\/index.php\/wp-json\/wp\/v2\/tags?post=16566"}],"curies":[{"name":"wp","href":"https:\/\/api.w.org\/{rel}","templated":true}]}}