
{"id":16583,"date":"2017-06-06T18:17:56","date_gmt":"2017-06-06T18:17:56","guid":{"rendered":"https:\/\/www.lejournalduforkane.com\/?p=16583"},"modified":"2017-06-06T18:17:56","modified_gmt":"2017-06-06T18:17:56","slug":"video-exclusive-larmee-arabe-syrienne-trouve-un-entrepot-des-terroristes-salafistes-dal-nusra-charge-darmes-americaines-a-alep","status":"publish","type":"post","link":"https:\/\/www.lejournalduforkane.com\/index.php\/video-exclusive-larmee-arabe-syrienne-trouve-un-entrepot-des-terroristes-salafistes-dal-nusra-charge-darmes-americaines-a-alep\/","title":{"rendered":"[Vid\u00e9o Exclusive] L&rsquo;Arm\u00e9e Arabe Syrienne trouve un entrep\u00f4t des terroristes salafistes d&rsquo;Al Nusra charg\u00e9 d&rsquo;armes am\u00e9ricaines \u00e0 Alep"},"content":{"rendered":"<p><!--more--><br \/>\n<iframe loading=\"lazy\" src=\"https:\/\/www.youtube.com\/embed\/lhLdePbSvLk\" width=\"560\" height=\"315\" frameborder=\"0\" allowfullscreen=\"allowfullscreen\"><\/iframe><\/p>\n","protected":false},"excerpt":{"rendered":"","protected":false},"author":2,"featured_media":0,"comment_status":"closed","ping_status":"open","sticky":false,"template":"","format":"standard","meta":[],"categories":[49],"tags":[],"_links":{"self":[{"href":"https:\/\/www.lejournalduforkane.com\/index.php\/wp-json\/wp\/v2\/posts\/16583"}],"collection":[{"href":"https:\/\/www.lejournalduforkane.com\/index.php\/wp-json\/wp\/v2\/posts"}],"about":[{"href":"https:\/\/www.lejournalduforkane.com\/index.php\/wp-json\/wp\/v2\/types\/post"}],"author":[{"embeddable":true,"href":"https:\/\/www.lejournalduforkane.com\/index.php\/wp-json\/wp\/v2\/users\/2"}],"replies":[{"embeddable":true,"href":"https:\/\/www.lejournalduforkane.com\/index.php\/wp-json\/wp\/v2\/comments?post=16583"}],"version-history":[{"count":1,"href":"https:\/\/www.lejournalduforkane.com\/index.php\/wp-json\/wp\/v2\/posts\/16583\/revisions"}],"predecessor-version":[{"id":16585,"href":"https:\/\/www.lejournalduforkane.com\/index.php\/wp-json\/wp\/v2\/posts\/16583\/revisions\/16585"}],"wp:attachment":[{"href":"https:\/\/www.lejournalduforkane.com\/index.php\/wp-json\/wp\/v2\/media?parent=16583"}],"wp:term":[{"taxonomy":"category","embeddable":true,"href":"https:\/\/www.lejournalduforkane.com\/index.php\/wp-json\/wp\/v2\/categories?post=16583"},{"taxonomy":"post_tag","embeddable":true,"href":"https:\/\/www.lejournalduforkane.com\/index.php\/wp-json\/wp\/v2\/tags?post=16583"}],"curies":[{"name":"wp","href":"https:\/\/api.w.org\/{rel}","templated":true}]}}