
{"id":16598,"date":"2017-06-07T15:37:06","date_gmt":"2017-06-07T15:37:06","guid":{"rendered":"https:\/\/www.lejournalduforkane.com\/?p=16598"},"modified":"2017-06-07T15:37:06","modified_gmt":"2017-06-07T15:37:06","slug":"video-exclusive-les-premieres-scenes-daffrontements-entre-les-forces-speciales-iraniennes-et-les-terroristes-salafistes-de-daesh-au-parlement-iranien","status":"publish","type":"post","link":"https:\/\/www.lejournalduforkane.com\/index.php\/video-exclusive-les-premieres-scenes-daffrontements-entre-les-forces-speciales-iraniennes-et-les-terroristes-salafistes-de-daesh-au-parlement-iranien\/","title":{"rendered":"[Vid\u00e9o exclusive]\u00a0Les premi\u00e8res sc\u00e8nes d&rsquo;affrontements entre les forces sp\u00e9ciales iraniennes et les terroristes salafistes de Daesh au Parlement iranien"},"content":{"rendered":"<p><!--more--><br \/>\n<iframe loading=\"lazy\" src=\"https:\/\/www.youtube.com\/embed\/X81dYOW_h34\" width=\"560\" height=\"315\" frameborder=\"0\" allowfullscreen=\"allowfullscreen\"><\/iframe><\/p>\n","protected":false},"excerpt":{"rendered":"","protected":false},"author":2,"featured_media":0,"comment_status":"closed","ping_status":"open","sticky":false,"template":"","format":"standard","meta":[],"categories":[49],"tags":[],"_links":{"self":[{"href":"https:\/\/www.lejournalduforkane.com\/index.php\/wp-json\/wp\/v2\/posts\/16598"}],"collection":[{"href":"https:\/\/www.lejournalduforkane.com\/index.php\/wp-json\/wp\/v2\/posts"}],"about":[{"href":"https:\/\/www.lejournalduforkane.com\/index.php\/wp-json\/wp\/v2\/types\/post"}],"author":[{"embeddable":true,"href":"https:\/\/www.lejournalduforkane.com\/index.php\/wp-json\/wp\/v2\/users\/2"}],"replies":[{"embeddable":true,"href":"https:\/\/www.lejournalduforkane.com\/index.php\/wp-json\/wp\/v2\/comments?post=16598"}],"version-history":[{"count":1,"href":"https:\/\/www.lejournalduforkane.com\/index.php\/wp-json\/wp\/v2\/posts\/16598\/revisions"}],"predecessor-version":[{"id":16600,"href":"https:\/\/www.lejournalduforkane.com\/index.php\/wp-json\/wp\/v2\/posts\/16598\/revisions\/16600"}],"wp:attachment":[{"href":"https:\/\/www.lejournalduforkane.com\/index.php\/wp-json\/wp\/v2\/media?parent=16598"}],"wp:term":[{"taxonomy":"category","embeddable":true,"href":"https:\/\/www.lejournalduforkane.com\/index.php\/wp-json\/wp\/v2\/categories?post=16598"},{"taxonomy":"post_tag","embeddable":true,"href":"https:\/\/www.lejournalduforkane.com\/index.php\/wp-json\/wp\/v2\/tags?post=16598"}],"curies":[{"name":"wp","href":"https:\/\/api.w.org\/{rel}","templated":true}]}}