
{"id":16616,"date":"2017-06-09T18:55:37","date_gmt":"2017-06-09T18:55:37","guid":{"rendered":"https:\/\/www.lejournalduforkane.com\/?p=16616"},"modified":"2017-06-09T18:55:37","modified_gmt":"2017-06-09T18:55:37","slug":"video-le-president-bachar-al-assad-se-balade-seul-et-sans-garde-du-corps-dans-les-rues-de-damas-a-la-rencontre-de-la-population","status":"publish","type":"post","link":"https:\/\/www.lejournalduforkane.com\/index.php\/video-le-president-bachar-al-assad-se-balade-seul-et-sans-garde-du-corps-dans-les-rues-de-damas-a-la-rencontre-de-la-population\/","title":{"rendered":"[Vid\u00e9o] | Le Pr\u00e9sident Bachar al Assad se balade seul et sans garde du corps dans les rues de Damas, \u00e0 la rencontre de la population"},"content":{"rendered":"<p><!--more--><\/p>\n<div id=\"js_87\" class=\"_5pbx userContent\" data-ft=\"{&quot;tn&quot;:&quot;K&quot;}\">\n<p style=\"text-align: justify;\">La preuve que le peuple Syrien est derri\u00e8re son pr\u00e9sident Bachar Al Assad<\/p>\n<p style=\"text-align: justify;\">VIVE LA SYRIE ET VIVE BACHAR AL ASSAD<\/p>\n<\/div>\n<p><iframe loading=\"lazy\" src=\"https:\/\/www.youtube.com\/embed\/e57mA5v50uY\" width=\"560\" height=\"315\" frameborder=\"0\" allowfullscreen=\"allowfullscreen\"><\/iframe><\/p>\n","protected":false},"excerpt":{"rendered":"La preuve que le peuple Syrien est derri\u00e8re son pr\u00e9sident Bachar Al Assad VIVE LA SYRIE ET VIVE BACHAR AL ASSAD","protected":false},"author":2,"featured_media":0,"comment_status":"closed","ping_status":"open","sticky":false,"template":"","format":"standard","meta":[],"categories":[49],"tags":[],"_links":{"self":[{"href":"https:\/\/www.lejournalduforkane.com\/index.php\/wp-json\/wp\/v2\/posts\/16616"}],"collection":[{"href":"https:\/\/www.lejournalduforkane.com\/index.php\/wp-json\/wp\/v2\/posts"}],"about":[{"href":"https:\/\/www.lejournalduforkane.com\/index.php\/wp-json\/wp\/v2\/types\/post"}],"author":[{"embeddable":true,"href":"https:\/\/www.lejournalduforkane.com\/index.php\/wp-json\/wp\/v2\/users\/2"}],"replies":[{"embeddable":true,"href":"https:\/\/www.lejournalduforkane.com\/index.php\/wp-json\/wp\/v2\/comments?post=16616"}],"version-history":[{"count":1,"href":"https:\/\/www.lejournalduforkane.com\/index.php\/wp-json\/wp\/v2\/posts\/16616\/revisions"}],"predecessor-version":[{"id":16618,"href":"https:\/\/www.lejournalduforkane.com\/index.php\/wp-json\/wp\/v2\/posts\/16616\/revisions\/16618"}],"wp:attachment":[{"href":"https:\/\/www.lejournalduforkane.com\/index.php\/wp-json\/wp\/v2\/media?parent=16616"}],"wp:term":[{"taxonomy":"category","embeddable":true,"href":"https:\/\/www.lejournalduforkane.com\/index.php\/wp-json\/wp\/v2\/categories?post=16616"},{"taxonomy":"post_tag","embeddable":true,"href":"https:\/\/www.lejournalduforkane.com\/index.php\/wp-json\/wp\/v2\/tags?post=16616"}],"curies":[{"name":"wp","href":"https:\/\/api.w.org\/{rel}","templated":true}]}}