
{"id":16625,"date":"2017-06-10T11:19:10","date_gmt":"2017-06-10T11:19:10","guid":{"rendered":"https:\/\/www.lejournalduforkane.com\/?p=16625"},"modified":"2017-06-10T11:19:10","modified_gmt":"2017-06-10T11:19:10","slug":"jean-dominique-merchet-dans-cette-crise-avec-le-qatar-le-terrorisme-nest-pas-le-coeur-du-sujet-le-coeur-du-sujet-cest-liran","status":"publish","type":"post","link":"https:\/\/www.lejournalduforkane.com\/index.php\/jean-dominique-merchet-dans-cette-crise-avec-le-qatar-le-terrorisme-nest-pas-le-coeur-du-sujet-le-coeur-du-sujet-cest-liran\/","title":{"rendered":"Jean-Dominique MERCHET: Dans cette crise avec le Qatar, \u00ab\u00a0le terrorisme n&rsquo;est pas le c\u0153ur du sujet. Le c\u0153ur du sujet, c&rsquo;est l&rsquo;Iran\u00a0\u00bb"},"content":{"rendered":"<p style=\"text-align: justify;\"><!--more--><\/p>\n<p style=\"text-align: justify;\">Jean-Dominique MERCHET, journaliste \u00e0 l&rsquo;Opinion : \u00a0\u00bb Dans cette crise avec le Qatar, \u00ab\u00a0le terrorisme n&rsquo;est pas le c\u0153ur du sujet. C&rsquo;est ce que les Saoudiens racontent, ce que les Am\u00e9ricains racontent. Le c\u0153ur du sujet, c&rsquo;est l&rsquo;Iran\u00a0\u00bb. \u00ab\u00a0<\/p>\n<p><iframe loading=\"lazy\" src=\"https:\/\/www.youtube.com\/embed\/6wAgSA7Zi88\" width=\"560\" height=\"315\" frameborder=\"0\" allowfullscreen=\"allowfullscreen\"><\/iframe><\/p>\n","protected":false},"excerpt":{"rendered":"Jean-Dominique MERCHET, journaliste \u00e0 l'Opinion : \" Dans cette crise avec le Qatar, \"le terrorisme n'est pas le c\u0153ur du sujet. C'est ce que les Saoudiens racontent, ce que les","protected":false},"author":2,"featured_media":0,"comment_status":"closed","ping_status":"open","sticky":false,"template":"","format":"standard","meta":[],"categories":[49],"tags":[],"_links":{"self":[{"href":"https:\/\/www.lejournalduforkane.com\/index.php\/wp-json\/wp\/v2\/posts\/16625"}],"collection":[{"href":"https:\/\/www.lejournalduforkane.com\/index.php\/wp-json\/wp\/v2\/posts"}],"about":[{"href":"https:\/\/www.lejournalduforkane.com\/index.php\/wp-json\/wp\/v2\/types\/post"}],"author":[{"embeddable":true,"href":"https:\/\/www.lejournalduforkane.com\/index.php\/wp-json\/wp\/v2\/users\/2"}],"replies":[{"embeddable":true,"href":"https:\/\/www.lejournalduforkane.com\/index.php\/wp-json\/wp\/v2\/comments?post=16625"}],"version-history":[{"count":1,"href":"https:\/\/www.lejournalduforkane.com\/index.php\/wp-json\/wp\/v2\/posts\/16625\/revisions"}],"predecessor-version":[{"id":16627,"href":"https:\/\/www.lejournalduforkane.com\/index.php\/wp-json\/wp\/v2\/posts\/16625\/revisions\/16627"}],"wp:attachment":[{"href":"https:\/\/www.lejournalduforkane.com\/index.php\/wp-json\/wp\/v2\/media?parent=16625"}],"wp:term":[{"taxonomy":"category","embeddable":true,"href":"https:\/\/www.lejournalduforkane.com\/index.php\/wp-json\/wp\/v2\/categories?post=16625"},{"taxonomy":"post_tag","embeddable":true,"href":"https:\/\/www.lejournalduforkane.com\/index.php\/wp-json\/wp\/v2\/tags?post=16625"}],"curies":[{"name":"wp","href":"https:\/\/api.w.org\/{rel}","templated":true}]}}