
{"id":16645,"date":"2017-06-11T13:48:41","date_gmt":"2017-06-11T13:48:41","guid":{"rendered":"https:\/\/www.lejournalduforkane.com\/?p=16645"},"modified":"2017-06-11T13:48:41","modified_gmt":"2017-06-11T13:48:41","slug":"lequipe-darabie-saoudite-ne-respecte-pas-la-minute-de-silence-quel-honte-et-ca-se-dit-musulman","status":"publish","type":"post","link":"https:\/\/www.lejournalduforkane.com\/index.php\/lequipe-darabie-saoudite-ne-respecte-pas-la-minute-de-silence-quel-honte-et-ca-se-dit-musulman\/","title":{"rendered":"L&rsquo;\u00e9quipe d&rsquo;Arabie Saoudite ne respecte pas la minute de silence! Quel honte et \u00e7a se dit Musulman !!!"},"content":{"rendered":"<p><!--more--><\/p>\n<p>Les joueurs de l\u2019\u00e9quipe nationale d\u2019Arabie saoudite n\u2019ont pas observ\u00e9 une minute de silence tenue \u00e0 la m\u00e9moire des victimes de l\u2019attentat de Londres<\/p>\n<p>Quel honte et \u00e7a se dit Musulman !!!<br \/>\n<iframe loading=\"lazy\" src=\"https:\/\/www.youtube.com\/embed\/O555vx_yJDw\" width=\"560\" height=\"315\" frameborder=\"0\" allowfullscreen=\"allowfullscreen\"><\/iframe><\/p>\n","protected":false},"excerpt":{"rendered":"Les joueurs de l\u2019\u00e9quipe nationale d\u2019Arabie saoudite n\u2019ont pas observ\u00e9 une minute de silence tenue \u00e0 la m\u00e9moire des victimes de l\u2019attentat de Londres Quel honte et \u00e7a se dit","protected":false},"author":2,"featured_media":0,"comment_status":"closed","ping_status":"open","sticky":false,"template":"","format":"standard","meta":[],"categories":[49],"tags":[],"_links":{"self":[{"href":"https:\/\/www.lejournalduforkane.com\/index.php\/wp-json\/wp\/v2\/posts\/16645"}],"collection":[{"href":"https:\/\/www.lejournalduforkane.com\/index.php\/wp-json\/wp\/v2\/posts"}],"about":[{"href":"https:\/\/www.lejournalduforkane.com\/index.php\/wp-json\/wp\/v2\/types\/post"}],"author":[{"embeddable":true,"href":"https:\/\/www.lejournalduforkane.com\/index.php\/wp-json\/wp\/v2\/users\/2"}],"replies":[{"embeddable":true,"href":"https:\/\/www.lejournalduforkane.com\/index.php\/wp-json\/wp\/v2\/comments?post=16645"}],"version-history":[{"count":1,"href":"https:\/\/www.lejournalduforkane.com\/index.php\/wp-json\/wp\/v2\/posts\/16645\/revisions"}],"predecessor-version":[{"id":16647,"href":"https:\/\/www.lejournalduforkane.com\/index.php\/wp-json\/wp\/v2\/posts\/16645\/revisions\/16647"}],"wp:attachment":[{"href":"https:\/\/www.lejournalduforkane.com\/index.php\/wp-json\/wp\/v2\/media?parent=16645"}],"wp:term":[{"taxonomy":"category","embeddable":true,"href":"https:\/\/www.lejournalduforkane.com\/index.php\/wp-json\/wp\/v2\/categories?post=16645"},{"taxonomy":"post_tag","embeddable":true,"href":"https:\/\/www.lejournalduforkane.com\/index.php\/wp-json\/wp\/v2\/tags?post=16645"}],"curies":[{"name":"wp","href":"https:\/\/api.w.org\/{rel}","templated":true}]}}