
{"id":16691,"date":"2017-06-13T18:58:54","date_gmt":"2017-06-13T18:58:54","guid":{"rendered":"https:\/\/www.lejournalduforkane.com\/?p=16691"},"modified":"2017-06-13T18:58:54","modified_gmt":"2017-06-13T18:58:54","slug":"apres-100-jours-de-detentions-dans-une-prison-israelienne-mohammed-atiyah-mineur-de-moins-de-15-ans-a-ete-relache","status":"publish","type":"post","link":"https:\/\/www.lejournalduforkane.com\/index.php\/apres-100-jours-de-detentions-dans-une-prison-israelienne-mohammed-atiyah-mineur-de-moins-de-15-ans-a-ete-relache\/","title":{"rendered":"Apr\u00e8s 100 jours de d\u00e9tentions dans une prison isra\u00e9lienne, Mohammed Atiyah mineur de moins de 15 ans a \u00e9t\u00e9 rel\u00e2ch\u00e9"},"content":{"rendered":"<p style=\"text-align: justify;\"><!--more--><\/p>\n<p style=\"text-align: justify;\">Apr\u00e8s 100 jours de d\u00e9tentions dans une prison isra\u00e9lienne, Mohammed Atiyah mineur de moins de 15 ans a \u00e9t\u00e9 rel\u00e2ch\u00e9. Sa famille vient pour l&rsquo;accueillir ; des retrouvailles tr\u00e8s \u00e9mouvantes &#8230;<\/p>\n<p style=\"text-align: justify;\">Rappelons qu&rsquo;Isra\u00ebl d\u00e9tient actuellement plus de 6500 Palestiniens dont 62 femmes et 300 mineurs (gar\u00e7ons et filles) en prison. A chaque fois, les avocats sont interdits de visite aux prisonniers.<\/p>\n<p style=\"text-align: justify;\">Ainsi depuis 1967, 850 000 Palestiniens (des territoires occup\u00e9s) ont \u00e9t\u00e9 emprisonn\u00e9s par l<span class=\"text_exposed_show\">es autorit\u00e9s isra\u00e9liennes. C&rsquo;est comme si aujourd&rsquo;hui en France 10 millions de Fran\u00e7ais avaient connu la prison durant les 50 derni\u00e8res ann\u00e9es&#8230;<\/span><\/p>\n<div class=\"text_exposed_show\">\n<p style=\"text-align: justify;\">L&#8217;emprisonnement massif est un outil de l&rsquo;oppression de l&rsquo;Etat d&rsquo;Isra\u00ebl sur le peuple Palestinien..<\/p>\n<p style=\"text-align: justify;\">\n<\/div>\n<p><iframe loading=\"lazy\" src=\"https:\/\/www.youtube.com\/embed\/wIsMvVME-OM\" width=\"560\" height=\"315\" frameborder=\"0\" allowfullscreen=\"allowfullscreen\"><\/iframe><\/p>\n","protected":false},"excerpt":{"rendered":"Apr\u00e8s 100 jours de d\u00e9tentions dans une prison isra\u00e9lienne, Mohammed Atiyah mineur de moins de 15 ans a \u00e9t\u00e9 rel\u00e2ch\u00e9. Sa famille vient pour l'accueillir ; des retrouvailles tr\u00e8s \u00e9mouvantes","protected":false},"author":2,"featured_media":0,"comment_status":"closed","ping_status":"open","sticky":false,"template":"","format":"standard","meta":[],"categories":[49],"tags":[],"_links":{"self":[{"href":"https:\/\/www.lejournalduforkane.com\/index.php\/wp-json\/wp\/v2\/posts\/16691"}],"collection":[{"href":"https:\/\/www.lejournalduforkane.com\/index.php\/wp-json\/wp\/v2\/posts"}],"about":[{"href":"https:\/\/www.lejournalduforkane.com\/index.php\/wp-json\/wp\/v2\/types\/post"}],"author":[{"embeddable":true,"href":"https:\/\/www.lejournalduforkane.com\/index.php\/wp-json\/wp\/v2\/users\/2"}],"replies":[{"embeddable":true,"href":"https:\/\/www.lejournalduforkane.com\/index.php\/wp-json\/wp\/v2\/comments?post=16691"}],"version-history":[{"count":1,"href":"https:\/\/www.lejournalduforkane.com\/index.php\/wp-json\/wp\/v2\/posts\/16691\/revisions"}],"predecessor-version":[{"id":16693,"href":"https:\/\/www.lejournalduforkane.com\/index.php\/wp-json\/wp\/v2\/posts\/16691\/revisions\/16693"}],"wp:attachment":[{"href":"https:\/\/www.lejournalduforkane.com\/index.php\/wp-json\/wp\/v2\/media?parent=16691"}],"wp:term":[{"taxonomy":"category","embeddable":true,"href":"https:\/\/www.lejournalduforkane.com\/index.php\/wp-json\/wp\/v2\/categories?post=16691"},{"taxonomy":"post_tag","embeddable":true,"href":"https:\/\/www.lejournalduforkane.com\/index.php\/wp-json\/wp\/v2\/tags?post=16691"}],"curies":[{"name":"wp","href":"https:\/\/api.w.org\/{rel}","templated":true}]}}