
{"id":16697,"date":"2017-06-14T18:41:10","date_gmt":"2017-06-14T18:41:10","guid":{"rendered":"https:\/\/www.lejournalduforkane.com\/?p=16697"},"modified":"2017-06-14T18:41:10","modified_gmt":"2017-06-14T18:41:10","slug":"le-peuple-saoudien-meurt-de-faim-2","status":"publish","type":"post","link":"https:\/\/www.lejournalduforkane.com\/index.php\/le-peuple-saoudien-meurt-de-faim-2\/","title":{"rendered":"Le peuple saoudien meurt de faim !"},"content":{"rendered":"<p><!--more--><\/p>\n<p style=\"text-align: justify;\">Regardez comment le peuple saoudien cr\u00e8vent de faim&#8230;<\/p>\n<p style=\"text-align: justify;\">L\u2019avarice prit ces b\u00e9douins. S\u2019ils avaient une part de la royaut\u00e9, ils ne donneraient aux gens m\u00eame pas le creux d\u2019un noyau de datte (Coran 4 :53), peuples faibles. Vous voil\u00e0 appel\u00e9s \u00e0 d\u00e9penser dans le chemin d\u2019Allah. Il y en a qui sont avares. Or qui est avare, l\u2019est \u00e0 son d\u00e9triment. Si vous tournez le dos, Il vous remplacera par un peuple autre que vous, et ils ne seront pas comme vous (47 :38).<\/p>\n<p><iframe loading=\"lazy\" src=\"https:\/\/www.youtube.com\/embed\/ASn5n1TInCk\" width=\"560\" height=\"315\" frameborder=\"0\" allowfullscreen=\"allowfullscreen\"><\/iframe><\/p>\n","protected":false},"excerpt":{"rendered":"Regardez comment le peuple saoudien cr\u00e8vent de faim... L\u2019avarice prit ces b\u00e9douins. S\u2019ils avaient une part de la royaut\u00e9, ils ne donneraient aux gens m\u00eame pas le creux d\u2019un noyau","protected":false},"author":2,"featured_media":0,"comment_status":"closed","ping_status":"open","sticky":false,"template":"","format":"standard","meta":[],"categories":[49],"tags":[],"_links":{"self":[{"href":"https:\/\/www.lejournalduforkane.com\/index.php\/wp-json\/wp\/v2\/posts\/16697"}],"collection":[{"href":"https:\/\/www.lejournalduforkane.com\/index.php\/wp-json\/wp\/v2\/posts"}],"about":[{"href":"https:\/\/www.lejournalduforkane.com\/index.php\/wp-json\/wp\/v2\/types\/post"}],"author":[{"embeddable":true,"href":"https:\/\/www.lejournalduforkane.com\/index.php\/wp-json\/wp\/v2\/users\/2"}],"replies":[{"embeddable":true,"href":"https:\/\/www.lejournalduforkane.com\/index.php\/wp-json\/wp\/v2\/comments?post=16697"}],"version-history":[{"count":1,"href":"https:\/\/www.lejournalduforkane.com\/index.php\/wp-json\/wp\/v2\/posts\/16697\/revisions"}],"predecessor-version":[{"id":16699,"href":"https:\/\/www.lejournalduforkane.com\/index.php\/wp-json\/wp\/v2\/posts\/16697\/revisions\/16699"}],"wp:attachment":[{"href":"https:\/\/www.lejournalduforkane.com\/index.php\/wp-json\/wp\/v2\/media?parent=16697"}],"wp:term":[{"taxonomy":"category","embeddable":true,"href":"https:\/\/www.lejournalduforkane.com\/index.php\/wp-json\/wp\/v2\/categories?post=16697"},{"taxonomy":"post_tag","embeddable":true,"href":"https:\/\/www.lejournalduforkane.com\/index.php\/wp-json\/wp\/v2\/tags?post=16697"}],"curies":[{"name":"wp","href":"https:\/\/api.w.org\/{rel}","templated":true}]}}