
{"id":16714,"date":"2017-06-17T11:48:48","date_gmt":"2017-06-17T11:48:48","guid":{"rendered":"https:\/\/www.lejournalduforkane.com\/?p=16714"},"modified":"2017-06-17T11:48:48","modified_gmt":"2017-06-17T11:48:48","slug":"les-frappes-aeriennes-saoudiennes-ont-tuees-toute-une-famille-3-enfants-et-leur-maman-et-6-blesses","status":"publish","type":"post","link":"https:\/\/www.lejournalduforkane.com\/index.php\/les-frappes-aeriennes-saoudiennes-ont-tuees-toute-une-famille-3-enfants-et-leur-maman-et-6-blesses\/","title":{"rendered":"Les frappes a\u00e9riennes saoudiennes ont tu\u00e9es toute une famille 3 enfants et leur maman et 6 bless\u00e9s"},"content":{"rendered":"<p><!--more--><\/p>\n<p style=\"text-align: justify;\">Nous ne publions pas ces images pour faire du buzz mais pour sensibiliser les gens sur le massacre (dont personne ne parle) qui se d\u00e9roule actuellement au Y\u00e9men.<\/p>\n<p style=\"text-align: justify;\">AL-MAHDI ET SES PARTISANS VIENDRONT AVEC SON GRAND PROJET POUR SAUVER LE Y\u00c9MEN DES GRIFFES DES MAUDITS ARABES SIONISTES QUI ONT TRAHI L\u2019ISLAM ET LES MUSULMANS. ILS ONT OUTREPASS\u00c9S TOUTES LES LIMITES\u2026<\/p>\n<p><iframe loading=\"lazy\" src=\"https:\/\/www.youtube.com\/embed\/av_xjGlt8Ls\" width=\"560\" height=\"315\" frameborder=\"0\" allowfullscreen=\"allowfullscreen\"><\/iframe><\/p>\n","protected":false},"excerpt":{"rendered":"Nous ne publions pas ces images pour faire du buzz mais pour sensibiliser les gens sur le massacre (dont personne ne parle) qui se d\u00e9roule actuellement au Y\u00e9men. AL-MAHDI ET","protected":false},"author":2,"featured_media":0,"comment_status":"closed","ping_status":"open","sticky":false,"template":"","format":"standard","meta":[],"categories":[49],"tags":[],"_links":{"self":[{"href":"https:\/\/www.lejournalduforkane.com\/index.php\/wp-json\/wp\/v2\/posts\/16714"}],"collection":[{"href":"https:\/\/www.lejournalduforkane.com\/index.php\/wp-json\/wp\/v2\/posts"}],"about":[{"href":"https:\/\/www.lejournalduforkane.com\/index.php\/wp-json\/wp\/v2\/types\/post"}],"author":[{"embeddable":true,"href":"https:\/\/www.lejournalduforkane.com\/index.php\/wp-json\/wp\/v2\/users\/2"}],"replies":[{"embeddable":true,"href":"https:\/\/www.lejournalduforkane.com\/index.php\/wp-json\/wp\/v2\/comments?post=16714"}],"version-history":[{"count":1,"href":"https:\/\/www.lejournalduforkane.com\/index.php\/wp-json\/wp\/v2\/posts\/16714\/revisions"}],"predecessor-version":[{"id":16716,"href":"https:\/\/www.lejournalduforkane.com\/index.php\/wp-json\/wp\/v2\/posts\/16714\/revisions\/16716"}],"wp:attachment":[{"href":"https:\/\/www.lejournalduforkane.com\/index.php\/wp-json\/wp\/v2\/media?parent=16714"}],"wp:term":[{"taxonomy":"category","embeddable":true,"href":"https:\/\/www.lejournalduforkane.com\/index.php\/wp-json\/wp\/v2\/categories?post=16714"},{"taxonomy":"post_tag","embeddable":true,"href":"https:\/\/www.lejournalduforkane.com\/index.php\/wp-json\/wp\/v2\/tags?post=16714"}],"curies":[{"name":"wp","href":"https:\/\/api.w.org\/{rel}","templated":true}]}}