
{"id":16717,"date":"2017-06-17T11:54:26","date_gmt":"2017-06-17T11:54:26","guid":{"rendered":"https:\/\/www.lejournalduforkane.com\/?p=16717"},"modified":"2017-06-17T11:54:26","modified_gmt":"2017-06-17T11:54:26","slug":"regardez-une-reunion-du-conseil-de-cooperation-du-golfe-au-koweit-degenere-en-une-bagarre-generale-entre-la-delegation-qatarie-et-la-delegation-saoudienne","status":"publish","type":"post","link":"https:\/\/www.lejournalduforkane.com\/index.php\/regardez-une-reunion-du-conseil-de-cooperation-du-golfe-au-koweit-degenere-en-une-bagarre-generale-entre-la-delegation-qatarie-et-la-delegation-saoudienne\/","title":{"rendered":"Regardez une r\u00e9union du Conseil de coop\u00e9ration du Golfe au Kowe\u00eft d\u00e9g\u00e9n\u00e8re en une bagarre g\u00e9n\u00e9rale entre la d\u00e9l\u00e9gation qatarie et la d\u00e9l\u00e9gation saoudienne"},"content":{"rendered":"<p><!--more--><br \/>\n<iframe loading=\"lazy\" src=\"https:\/\/www.youtube.com\/embed\/RIGcaVJiFxs\" width=\"560\" height=\"315\" frameborder=\"0\" allowfullscreen=\"allowfullscreen\"><\/iframe><\/p>\n","protected":false},"excerpt":{"rendered":"","protected":false},"author":2,"featured_media":0,"comment_status":"closed","ping_status":"open","sticky":false,"template":"","format":"standard","meta":[],"categories":[49],"tags":[],"_links":{"self":[{"href":"https:\/\/www.lejournalduforkane.com\/index.php\/wp-json\/wp\/v2\/posts\/16717"}],"collection":[{"href":"https:\/\/www.lejournalduforkane.com\/index.php\/wp-json\/wp\/v2\/posts"}],"about":[{"href":"https:\/\/www.lejournalduforkane.com\/index.php\/wp-json\/wp\/v2\/types\/post"}],"author":[{"embeddable":true,"href":"https:\/\/www.lejournalduforkane.com\/index.php\/wp-json\/wp\/v2\/users\/2"}],"replies":[{"embeddable":true,"href":"https:\/\/www.lejournalduforkane.com\/index.php\/wp-json\/wp\/v2\/comments?post=16717"}],"version-history":[{"count":1,"href":"https:\/\/www.lejournalduforkane.com\/index.php\/wp-json\/wp\/v2\/posts\/16717\/revisions"}],"predecessor-version":[{"id":16719,"href":"https:\/\/www.lejournalduforkane.com\/index.php\/wp-json\/wp\/v2\/posts\/16717\/revisions\/16719"}],"wp:attachment":[{"href":"https:\/\/www.lejournalduforkane.com\/index.php\/wp-json\/wp\/v2\/media?parent=16717"}],"wp:term":[{"taxonomy":"category","embeddable":true,"href":"https:\/\/www.lejournalduforkane.com\/index.php\/wp-json\/wp\/v2\/categories?post=16717"},{"taxonomy":"post_tag","embeddable":true,"href":"https:\/\/www.lejournalduforkane.com\/index.php\/wp-json\/wp\/v2\/tags?post=16717"}],"curies":[{"name":"wp","href":"https:\/\/api.w.org\/{rel}","templated":true}]}}