
{"id":16723,"date":"2017-06-17T12:05:27","date_gmt":"2017-06-17T12:05:27","guid":{"rendered":"https:\/\/www.lejournalduforkane.com\/?p=16723"},"modified":"2017-06-17T12:05:27","modified_gmt":"2017-06-17T12:05:27","slug":"le-cholera-continue-de-se-propager-au-yemen-a-un-rythme-sans-precedent","status":"publish","type":"post","link":"https:\/\/www.lejournalduforkane.com\/index.php\/le-cholera-continue-de-se-propager-au-yemen-a-un-rythme-sans-precedent\/","title":{"rendered":"Le chol\u00e9ra continue de se propager au Y\u00e9men \u00e0 un rythme sans pr\u00e9c\u00e9dent"},"content":{"rendered":"<p><!--more--><\/p>\n<p style=\"text-align: justify;\">Depuis que nous avons diffus\u00e9 cette histoire le week-end dernier, il y a eut 60 d\u00e9c\u00e8s suppl\u00e9mentaires et 16 000 cas de plus.<\/p>\n<p><iframe loading=\"lazy\" src=\"https:\/\/www.youtube.com\/embed\/5qhTfdSX-0Q\" width=\"560\" height=\"315\" frameborder=\"0\" allowfullscreen=\"allowfullscreen\"><\/iframe><\/p>\n","protected":false},"excerpt":{"rendered":"Depuis que nous avons diffus\u00e9 cette histoire le week-end dernier, il y a eut 60 d\u00e9c\u00e8s suppl\u00e9mentaires et 16 000 cas de plus.","protected":false},"author":2,"featured_media":0,"comment_status":"closed","ping_status":"open","sticky":false,"template":"","format":"standard","meta":[],"categories":[49],"tags":[],"_links":{"self":[{"href":"https:\/\/www.lejournalduforkane.com\/index.php\/wp-json\/wp\/v2\/posts\/16723"}],"collection":[{"href":"https:\/\/www.lejournalduforkane.com\/index.php\/wp-json\/wp\/v2\/posts"}],"about":[{"href":"https:\/\/www.lejournalduforkane.com\/index.php\/wp-json\/wp\/v2\/types\/post"}],"author":[{"embeddable":true,"href":"https:\/\/www.lejournalduforkane.com\/index.php\/wp-json\/wp\/v2\/users\/2"}],"replies":[{"embeddable":true,"href":"https:\/\/www.lejournalduforkane.com\/index.php\/wp-json\/wp\/v2\/comments?post=16723"}],"version-history":[{"count":1,"href":"https:\/\/www.lejournalduforkane.com\/index.php\/wp-json\/wp\/v2\/posts\/16723\/revisions"}],"predecessor-version":[{"id":16725,"href":"https:\/\/www.lejournalduforkane.com\/index.php\/wp-json\/wp\/v2\/posts\/16723\/revisions\/16725"}],"wp:attachment":[{"href":"https:\/\/www.lejournalduforkane.com\/index.php\/wp-json\/wp\/v2\/media?parent=16723"}],"wp:term":[{"taxonomy":"category","embeddable":true,"href":"https:\/\/www.lejournalduforkane.com\/index.php\/wp-json\/wp\/v2\/categories?post=16723"},{"taxonomy":"post_tag","embeddable":true,"href":"https:\/\/www.lejournalduforkane.com\/index.php\/wp-json\/wp\/v2\/tags?post=16723"}],"curies":[{"name":"wp","href":"https:\/\/api.w.org\/{rel}","templated":true}]}}