
{"id":16738,"date":"2017-06-18T14:35:35","date_gmt":"2017-06-18T14:35:35","guid":{"rendered":"https:\/\/www.lejournalduforkane.com\/?p=16738"},"modified":"2017-06-18T14:35:35","modified_gmt":"2017-06-18T14:35:35","slug":"une-cliente-sindigne-dans-un-supermarche-de-la-presence-des-dattes-medjoul-etiquetees-en-lettres-minuscules-origine-israel-au-milieu-des-dattes-dalgerie-et-de-tunisie","status":"publish","type":"post","link":"https:\/\/www.lejournalduforkane.com\/index.php\/une-cliente-sindigne-dans-un-supermarche-de-la-presence-des-dattes-medjoul-etiquetees-en-lettres-minuscules-origine-israel-au-milieu-des-dattes-dalgerie-et-de-tunisie\/","title":{"rendered":"Une cliente s\u2019indigne dans un supermarch\u00e9 de la pr\u00e9sence des dattes Medjoul, \u00e9tiquet\u00e9es, en lettres minuscules \u00ab\u00a0origine Israel\u00a0\u00bb au milieu des dattes d\u2019Alg\u00e9rie et de Tunisie"},"content":{"rendered":"<p><!--more--><\/p>\n<p style=\"text-align: justify;\">Une cliente s\u2019indigne dans un supermarch\u00e9 de la pr\u00e9sence des dattes Medjoul, \u00e9tiquet\u00e9es, en lettres minuscules \u00ab\u00a0origine Israel\u00a0\u00bb au milieu des dattes d\u2019Alg\u00e9rie et de Tunisie. A juste titre, et elle fait retirer les dattes par la direction du magasin, qui convient de leur pr\u00e9sence illicite. Une bonne le\u00e7on de vigilance !<br \/>\n<iframe loading=\"lazy\" src=\"https:\/\/www.youtube.com\/embed\/RRRZu8-89W0\" width=\"560\" height=\"315\" frameborder=\"0\" allowfullscreen=\"allowfullscreen\"><\/iframe><\/p>\n","protected":false},"excerpt":{"rendered":"Une cliente s\u2019indigne dans un supermarch\u00e9 de la pr\u00e9sence des dattes Medjoul, \u00e9tiquet\u00e9es, en lettres minuscules \"origine Israel\" au milieu des dattes d\u2019Alg\u00e9rie et de Tunisie. A juste titre, et","protected":false},"author":2,"featured_media":0,"comment_status":"closed","ping_status":"open","sticky":false,"template":"","format":"standard","meta":[],"categories":[49],"tags":[],"_links":{"self":[{"href":"https:\/\/www.lejournalduforkane.com\/index.php\/wp-json\/wp\/v2\/posts\/16738"}],"collection":[{"href":"https:\/\/www.lejournalduforkane.com\/index.php\/wp-json\/wp\/v2\/posts"}],"about":[{"href":"https:\/\/www.lejournalduforkane.com\/index.php\/wp-json\/wp\/v2\/types\/post"}],"author":[{"embeddable":true,"href":"https:\/\/www.lejournalduforkane.com\/index.php\/wp-json\/wp\/v2\/users\/2"}],"replies":[{"embeddable":true,"href":"https:\/\/www.lejournalduforkane.com\/index.php\/wp-json\/wp\/v2\/comments?post=16738"}],"version-history":[{"count":1,"href":"https:\/\/www.lejournalduforkane.com\/index.php\/wp-json\/wp\/v2\/posts\/16738\/revisions"}],"predecessor-version":[{"id":16741,"href":"https:\/\/www.lejournalduforkane.com\/index.php\/wp-json\/wp\/v2\/posts\/16738\/revisions\/16741"}],"wp:attachment":[{"href":"https:\/\/www.lejournalduforkane.com\/index.php\/wp-json\/wp\/v2\/media?parent=16738"}],"wp:term":[{"taxonomy":"category","embeddable":true,"href":"https:\/\/www.lejournalduforkane.com\/index.php\/wp-json\/wp\/v2\/categories?post=16738"},{"taxonomy":"post_tag","embeddable":true,"href":"https:\/\/www.lejournalduforkane.com\/index.php\/wp-json\/wp\/v2\/tags?post=16738"}],"curies":[{"name":"wp","href":"https:\/\/api.w.org\/{rel}","templated":true}]}}