
{"id":16742,"date":"2017-06-18T18:25:28","date_gmt":"2017-06-18T18:25:28","guid":{"rendered":"https:\/\/www.lejournalduforkane.com\/?p=16742"},"modified":"2017-06-18T18:46:52","modified_gmt":"2017-06-18T18:46:52","slug":"legypte-vend-2-iles-a-larabie-saoudite","status":"publish","type":"post","link":"https:\/\/www.lejournalduforkane.com\/index.php\/legypte-vend-2-iles-a-larabie-saoudite\/","title":{"rendered":"L&rsquo;Egypte vend 2 \u00eeles \u00e0 l&rsquo;Arabie Saoudite !!!"},"content":{"rendered":"<p><!--more--><\/p>\n<div id=\"js_hr\" class=\"_5pbx userContent\" data-ft=\"{&quot;tn&quot;:&quot;K&quot;}\">\n<p style=\"text-align: justify;\">INCROYABLE MAIS VRAI : L&rsquo;Egypte vend 2 \u00eeles \u00e0 l&rsquo;Arabie Saoudite !!!<\/p>\n<p style=\"text-align: justify;\">Le Parlement \u00e9gyptien a donn\u00e9 son feu vert pour la vente \u00e0 l&rsquo;Arabie saoudite de 2 \u00eeles de la mer Rouge : Tiran et Sanafir, dans le cadre d&rsquo;un accord qui a soulev\u00e9 de larges protestations dans l&rsquo;opinion publique \u00e9gyptienne.<\/p>\n<\/div>\n<p><iframe loading=\"lazy\" src=\"https:\/\/www.youtube.com\/embed\/J6hBsJCpnHc\" width=\"560\" height=\"315\" frameborder=\"0\" allowfullscreen=\"allowfullscreen\"><\/iframe><\/p>\n","protected":false},"excerpt":{"rendered":"INCROYABLE MAIS VRAI : L'Egypte vend 2 \u00eeles \u00e0 l'Arabie Saoudite !!! Le Parlement \u00e9gyptien a donn\u00e9 son feu vert pour la vente \u00e0 l'Arabie saoudite de 2 \u00eeles de","protected":false},"author":2,"featured_media":0,"comment_status":"closed","ping_status":"open","sticky":false,"template":"","format":"standard","meta":[],"categories":[49],"tags":[],"_links":{"self":[{"href":"https:\/\/www.lejournalduforkane.com\/index.php\/wp-json\/wp\/v2\/posts\/16742"}],"collection":[{"href":"https:\/\/www.lejournalduforkane.com\/index.php\/wp-json\/wp\/v2\/posts"}],"about":[{"href":"https:\/\/www.lejournalduforkane.com\/index.php\/wp-json\/wp\/v2\/types\/post"}],"author":[{"embeddable":true,"href":"https:\/\/www.lejournalduforkane.com\/index.php\/wp-json\/wp\/v2\/users\/2"}],"replies":[{"embeddable":true,"href":"https:\/\/www.lejournalduforkane.com\/index.php\/wp-json\/wp\/v2\/comments?post=16742"}],"version-history":[{"count":3,"href":"https:\/\/www.lejournalduforkane.com\/index.php\/wp-json\/wp\/v2\/posts\/16742\/revisions"}],"predecessor-version":[{"id":16749,"href":"https:\/\/www.lejournalduforkane.com\/index.php\/wp-json\/wp\/v2\/posts\/16742\/revisions\/16749"}],"wp:attachment":[{"href":"https:\/\/www.lejournalduforkane.com\/index.php\/wp-json\/wp\/v2\/media?parent=16742"}],"wp:term":[{"taxonomy":"category","embeddable":true,"href":"https:\/\/www.lejournalduforkane.com\/index.php\/wp-json\/wp\/v2\/categories?post=16742"},{"taxonomy":"post_tag","embeddable":true,"href":"https:\/\/www.lejournalduforkane.com\/index.php\/wp-json\/wp\/v2\/tags?post=16742"}],"curies":[{"name":"wp","href":"https:\/\/api.w.org\/{rel}","templated":true}]}}