
{"id":16756,"date":"2017-06-19T18:33:34","date_gmt":"2017-06-19T18:33:34","guid":{"rendered":"https:\/\/www.lejournalduforkane.com\/?p=16756"},"modified":"2017-06-19T18:33:34","modified_gmt":"2017-06-19T18:33:34","slug":"tir-de-missiles-iraniens-sur-des-zones-rebelles-en-syrie-en-represailles-a-lattentat-de-teheran","status":"publish","type":"post","link":"https:\/\/www.lejournalduforkane.com\/index.php\/tir-de-missiles-iraniens-sur-des-zones-rebelles-en-syrie-en-represailles-a-lattentat-de-teheran\/","title":{"rendered":"Tir de missiles iraniens sur des zones rebelles en Syrie en repr\u00e9sailles \u00e0 l&rsquo;attentat de T\u00e9h\u00e9ran"},"content":{"rendered":"<p><!--more--><\/p>\n<p>L&rsquo;Iran a proc\u00e9d\u00e9 \u00e0 un tir de missiles balistiques \u00e0 moyenne port\u00e9e sur des zones syriennes contr\u00f4l\u00e9es par des groupes rebelles dans la province de Deir ez-Zor, le 18 juin. Il s&rsquo;agit de repr\u00e9sailles apr\u00e8s l&rsquo;attentat de T\u00e9h\u00e9ran.<br \/>\n<iframe loading=\"lazy\" src=\"https:\/\/www.youtube.com\/embed\/_rrqXmLnbK0\" width=\"560\" height=\"315\" frameborder=\"0\" allowfullscreen=\"allowfullscreen\"><\/iframe><\/p>\n","protected":false},"excerpt":{"rendered":"L'Iran a proc\u00e9d\u00e9 \u00e0 un tir de missiles balistiques \u00e0 moyenne port\u00e9e sur des zones syriennes contr\u00f4l\u00e9es par des groupes rebelles dans la province de Deir ez-Zor, le 18 juin.","protected":false},"author":2,"featured_media":0,"comment_status":"closed","ping_status":"open","sticky":false,"template":"","format":"standard","meta":[],"categories":[49],"tags":[],"_links":{"self":[{"href":"https:\/\/www.lejournalduforkane.com\/index.php\/wp-json\/wp\/v2\/posts\/16756"}],"collection":[{"href":"https:\/\/www.lejournalduforkane.com\/index.php\/wp-json\/wp\/v2\/posts"}],"about":[{"href":"https:\/\/www.lejournalduforkane.com\/index.php\/wp-json\/wp\/v2\/types\/post"}],"author":[{"embeddable":true,"href":"https:\/\/www.lejournalduforkane.com\/index.php\/wp-json\/wp\/v2\/users\/2"}],"replies":[{"embeddable":true,"href":"https:\/\/www.lejournalduforkane.com\/index.php\/wp-json\/wp\/v2\/comments?post=16756"}],"version-history":[{"count":1,"href":"https:\/\/www.lejournalduforkane.com\/index.php\/wp-json\/wp\/v2\/posts\/16756\/revisions"}],"predecessor-version":[{"id":16758,"href":"https:\/\/www.lejournalduforkane.com\/index.php\/wp-json\/wp\/v2\/posts\/16756\/revisions\/16758"}],"wp:attachment":[{"href":"https:\/\/www.lejournalduforkane.com\/index.php\/wp-json\/wp\/v2\/media?parent=16756"}],"wp:term":[{"taxonomy":"category","embeddable":true,"href":"https:\/\/www.lejournalduforkane.com\/index.php\/wp-json\/wp\/v2\/categories?post=16756"},{"taxonomy":"post_tag","embeddable":true,"href":"https:\/\/www.lejournalduforkane.com\/index.php\/wp-json\/wp\/v2\/tags?post=16756"}],"curies":[{"name":"wp","href":"https:\/\/api.w.org\/{rel}","templated":true}]}}