
{"id":16765,"date":"2017-06-20T18:24:06","date_gmt":"2017-06-20T18:24:06","guid":{"rendered":"https:\/\/www.lejournalduforkane.com\/?p=16765"},"modified":"2017-06-20T18:24:06","modified_gmt":"2017-06-20T18:24:06","slug":"un-jeune-irakien-originaire-de-mossoul-dont-tous-les-membres-de-sa-famille-ont-ete-tue-par-daech","status":"publish","type":"post","link":"https:\/\/www.lejournalduforkane.com\/index.php\/un-jeune-irakien-originaire-de-mossoul-dont-tous-les-membres-de-sa-famille-ont-ete-tue-par-daech\/","title":{"rendered":"Un jeune irakien originaire de Mossoul dont tous les membres de sa famille ont \u00e9t\u00e9 tu\u00e9 par Daech."},"content":{"rendered":"<p><!--more-->Un jeune irakien originaire de Mossoul dont tous les membres de sa famille ont \u00e9t\u00e9 tu\u00e9 par Daech&#8230; sauv\u00e9 des d\u00e9combres par les combattants de la Mobilisation Populaire<br \/>\n<iframe loading=\"lazy\" src=\"https:\/\/www.youtube.com\/embed\/P6y6hYN_jS0\" width=\"560\" height=\"315\" frameborder=\"0\" allowfullscreen=\"allowfullscreen\"><\/iframe><\/p>\n","protected":false},"excerpt":{"rendered":"Un jeune irakien originaire de Mossoul dont tous les membres de sa famille ont \u00e9t\u00e9 tu\u00e9 par Daech... sauv\u00e9 des d\u00e9combres par les combattants de la Mobilisation Populaire","protected":false},"author":2,"featured_media":0,"comment_status":"closed","ping_status":"open","sticky":false,"template":"","format":"standard","meta":[],"categories":[49],"tags":[],"_links":{"self":[{"href":"https:\/\/www.lejournalduforkane.com\/index.php\/wp-json\/wp\/v2\/posts\/16765"}],"collection":[{"href":"https:\/\/www.lejournalduforkane.com\/index.php\/wp-json\/wp\/v2\/posts"}],"about":[{"href":"https:\/\/www.lejournalduforkane.com\/index.php\/wp-json\/wp\/v2\/types\/post"}],"author":[{"embeddable":true,"href":"https:\/\/www.lejournalduforkane.com\/index.php\/wp-json\/wp\/v2\/users\/2"}],"replies":[{"embeddable":true,"href":"https:\/\/www.lejournalduforkane.com\/index.php\/wp-json\/wp\/v2\/comments?post=16765"}],"version-history":[{"count":1,"href":"https:\/\/www.lejournalduforkane.com\/index.php\/wp-json\/wp\/v2\/posts\/16765\/revisions"}],"predecessor-version":[{"id":16767,"href":"https:\/\/www.lejournalduforkane.com\/index.php\/wp-json\/wp\/v2\/posts\/16765\/revisions\/16767"}],"wp:attachment":[{"href":"https:\/\/www.lejournalduforkane.com\/index.php\/wp-json\/wp\/v2\/media?parent=16765"}],"wp:term":[{"taxonomy":"category","embeddable":true,"href":"https:\/\/www.lejournalduforkane.com\/index.php\/wp-json\/wp\/v2\/categories?post=16765"},{"taxonomy":"post_tag","embeddable":true,"href":"https:\/\/www.lejournalduforkane.com\/index.php\/wp-json\/wp\/v2\/tags?post=16765"}],"curies":[{"name":"wp","href":"https:\/\/api.w.org\/{rel}","templated":true}]}}