
{"id":16771,"date":"2017-06-20T18:41:45","date_gmt":"2017-06-20T18:41:45","guid":{"rendered":"https:\/\/www.lejournalduforkane.com\/?p=16771"},"modified":"2017-06-20T18:41:45","modified_gmt":"2017-06-20T18:41:45","slug":"meme-pendant-le-mois-de-ramadhan-les-forces-israeliennes-ne-peuvent-laisser-les-palestiniens-rester-en-paix","status":"publish","type":"post","link":"https:\/\/www.lejournalduforkane.com\/index.php\/meme-pendant-le-mois-de-ramadhan-les-forces-israeliennes-ne-peuvent-laisser-les-palestiniens-rester-en-paix\/","title":{"rendered":"M\u00eame pendant le mois de Ramadhan, les forces isra\u00e9liennes ne peuvent laisser les palestiniens rester en paix !"},"content":{"rendered":"<p><!--more--><\/p>\n<div id=\"js_7r\" class=\"_5pbx userContent\" data-ft=\"{&quot;tn&quot;:&quot;K&quot;}\">\n<p>Les soldats continuent de lancer des gaz lacrymog\u00e8nes \u00e0 l&rsquo;int\u00e9rieur de la Mosqu\u00e9e Al-Qibli (\u00ab\u00a0Jammi&rsquo; al-Qibli\u00a0\u00bb) qui se trouve \u00e0 l&rsquo;oppos\u00e9 du D\u00f4me du Rocher dans l&rsquo;enceinte de la Mosqu\u00e9e d&rsquo;Al-Aqsa.<\/p>\n<\/div>\n<p><iframe loading=\"lazy\" src=\"https:\/\/www.youtube.com\/embed\/9x-e3R3VhUg\" width=\"560\" height=\"315\" frameborder=\"0\" allowfullscreen=\"allowfullscreen\"><\/iframe><\/p>\n","protected":false},"excerpt":{"rendered":"Les soldats continuent de lancer des gaz lacrymog\u00e8nes \u00e0 l'int\u00e9rieur de la Mosqu\u00e9e Al-Qibli (\"Jammi' al-Qibli\") qui se trouve \u00e0 l'oppos\u00e9 du D\u00f4me du Rocher dans l'enceinte de la Mosqu\u00e9e","protected":false},"author":2,"featured_media":0,"comment_status":"closed","ping_status":"open","sticky":false,"template":"","format":"standard","meta":[],"categories":[49],"tags":[],"_links":{"self":[{"href":"https:\/\/www.lejournalduforkane.com\/index.php\/wp-json\/wp\/v2\/posts\/16771"}],"collection":[{"href":"https:\/\/www.lejournalduforkane.com\/index.php\/wp-json\/wp\/v2\/posts"}],"about":[{"href":"https:\/\/www.lejournalduforkane.com\/index.php\/wp-json\/wp\/v2\/types\/post"}],"author":[{"embeddable":true,"href":"https:\/\/www.lejournalduforkane.com\/index.php\/wp-json\/wp\/v2\/users\/2"}],"replies":[{"embeddable":true,"href":"https:\/\/www.lejournalduforkane.com\/index.php\/wp-json\/wp\/v2\/comments?post=16771"}],"version-history":[{"count":1,"href":"https:\/\/www.lejournalduforkane.com\/index.php\/wp-json\/wp\/v2\/posts\/16771\/revisions"}],"predecessor-version":[{"id":16773,"href":"https:\/\/www.lejournalduforkane.com\/index.php\/wp-json\/wp\/v2\/posts\/16771\/revisions\/16773"}],"wp:attachment":[{"href":"https:\/\/www.lejournalduforkane.com\/index.php\/wp-json\/wp\/v2\/media?parent=16771"}],"wp:term":[{"taxonomy":"category","embeddable":true,"href":"https:\/\/www.lejournalduforkane.com\/index.php\/wp-json\/wp\/v2\/categories?post=16771"},{"taxonomy":"post_tag","embeddable":true,"href":"https:\/\/www.lejournalduforkane.com\/index.php\/wp-json\/wp\/v2\/tags?post=16771"}],"curies":[{"name":"wp","href":"https:\/\/api.w.org\/{rel}","templated":true}]}}