
{"id":16777,"date":"2017-06-21T18:47:07","date_gmt":"2017-06-21T18:47:07","guid":{"rendered":"https:\/\/www.lejournalduforkane.com\/?p=16777"},"modified":"2017-06-21T18:47:07","modified_gmt":"2017-06-21T18:47:07","slug":"video-les-americains-ne-nous-aident-pas-ils-nous-tuent","status":"publish","type":"post","link":"https:\/\/www.lejournalduforkane.com\/index.php\/video-les-americains-ne-nous-aident-pas-ils-nous-tuent\/","title":{"rendered":"[Vid\u00e9o] | \u00abLes Am\u00e9ricains ne nous aident pas, ils nous tuent\u00bb"},"content":{"rendered":"<p style=\"text-align: justify;\"><!--more--><\/p>\n<div id=\"js_ej\" class=\"_5pbx userContent\" data-ft=\"{&quot;tn&quot;:&quot;K&quot;}\">\n<p style=\"text-align: justify;\">La famille d\u2019un Afghan et ses 2 fils, cribl\u00e9s de balles par des soldats am\u00e9ricains jusqu&rsquo;\u00e0 ne plus \u00eatre reconnaissables, elle attend que ces derniers soient traduits en justice et condamn\u00e9s.<\/p>\n<p style=\"text-align: justify;\">\n<\/div>\n<p><iframe loading=\"lazy\" src=\"https:\/\/www.youtube.com\/embed\/JeWS25QFovA\" width=\"560\" height=\"315\" frameborder=\"0\" allowfullscreen=\"allowfullscreen\"><\/iframe><\/p>\n","protected":false},"excerpt":{"rendered":"La famille d\u2019un Afghan et ses 2 fils, cribl\u00e9s de balles par des soldats am\u00e9ricains jusqu'\u00e0 ne plus \u00eatre reconnaissables, elle attend que ces derniers soient traduits en justice et","protected":false},"author":2,"featured_media":0,"comment_status":"closed","ping_status":"open","sticky":false,"template":"","format":"standard","meta":[],"categories":[49],"tags":[],"_links":{"self":[{"href":"https:\/\/www.lejournalduforkane.com\/index.php\/wp-json\/wp\/v2\/posts\/16777"}],"collection":[{"href":"https:\/\/www.lejournalduforkane.com\/index.php\/wp-json\/wp\/v2\/posts"}],"about":[{"href":"https:\/\/www.lejournalduforkane.com\/index.php\/wp-json\/wp\/v2\/types\/post"}],"author":[{"embeddable":true,"href":"https:\/\/www.lejournalduforkane.com\/index.php\/wp-json\/wp\/v2\/users\/2"}],"replies":[{"embeddable":true,"href":"https:\/\/www.lejournalduforkane.com\/index.php\/wp-json\/wp\/v2\/comments?post=16777"}],"version-history":[{"count":1,"href":"https:\/\/www.lejournalduforkane.com\/index.php\/wp-json\/wp\/v2\/posts\/16777\/revisions"}],"predecessor-version":[{"id":16779,"href":"https:\/\/www.lejournalduforkane.com\/index.php\/wp-json\/wp\/v2\/posts\/16777\/revisions\/16779"}],"wp:attachment":[{"href":"https:\/\/www.lejournalduforkane.com\/index.php\/wp-json\/wp\/v2\/media?parent=16777"}],"wp:term":[{"taxonomy":"category","embeddable":true,"href":"https:\/\/www.lejournalduforkane.com\/index.php\/wp-json\/wp\/v2\/categories?post=16777"},{"taxonomy":"post_tag","embeddable":true,"href":"https:\/\/www.lejournalduforkane.com\/index.php\/wp-json\/wp\/v2\/tags?post=16777"}],"curies":[{"name":"wp","href":"https:\/\/api.w.org\/{rel}","templated":true}]}}