
{"id":16780,"date":"2017-06-21T18:53:05","date_gmt":"2017-06-21T18:53:05","guid":{"rendered":"https:\/\/www.lejournalduforkane.com\/?p=16780"},"modified":"2017-06-21T18:53:05","modified_gmt":"2017-06-21T18:53:05","slug":"liran-et-les-differents-pays-du-monde-se-preparent-a-commemorer-la-journee-mondiale-dal-qods-qui-aura-lieue-ce-vendredi","status":"publish","type":"post","link":"https:\/\/www.lejournalduforkane.com\/index.php\/liran-et-les-differents-pays-du-monde-se-preparent-a-commemorer-la-journee-mondiale-dal-qods-qui-aura-lieue-ce-vendredi\/","title":{"rendered":"L&rsquo;Iran et les diff\u00e9rents pays du monde se pr\u00e9parent \u00e0 comm\u00e9morer la journ\u00e9e mondiale d&rsquo;Al Qods qui aura lieue ce vendredi"},"content":{"rendered":"<p><!--more--><br \/>\n<iframe loading=\"lazy\" src=\"https:\/\/www.youtube.com\/embed\/k_SHWNVltS4\" width=\"560\" height=\"315\" frameborder=\"0\" allowfullscreen=\"allowfullscreen\"><\/iframe><\/p>\n","protected":false},"excerpt":{"rendered":"","protected":false},"author":2,"featured_media":0,"comment_status":"closed","ping_status":"open","sticky":false,"template":"","format":"standard","meta":[],"categories":[49],"tags":[],"_links":{"self":[{"href":"https:\/\/www.lejournalduforkane.com\/index.php\/wp-json\/wp\/v2\/posts\/16780"}],"collection":[{"href":"https:\/\/www.lejournalduforkane.com\/index.php\/wp-json\/wp\/v2\/posts"}],"about":[{"href":"https:\/\/www.lejournalduforkane.com\/index.php\/wp-json\/wp\/v2\/types\/post"}],"author":[{"embeddable":true,"href":"https:\/\/www.lejournalduforkane.com\/index.php\/wp-json\/wp\/v2\/users\/2"}],"replies":[{"embeddable":true,"href":"https:\/\/www.lejournalduforkane.com\/index.php\/wp-json\/wp\/v2\/comments?post=16780"}],"version-history":[{"count":1,"href":"https:\/\/www.lejournalduforkane.com\/index.php\/wp-json\/wp\/v2\/posts\/16780\/revisions"}],"predecessor-version":[{"id":16782,"href":"https:\/\/www.lejournalduforkane.com\/index.php\/wp-json\/wp\/v2\/posts\/16780\/revisions\/16782"}],"wp:attachment":[{"href":"https:\/\/www.lejournalduforkane.com\/index.php\/wp-json\/wp\/v2\/media?parent=16780"}],"wp:term":[{"taxonomy":"category","embeddable":true,"href":"https:\/\/www.lejournalduforkane.com\/index.php\/wp-json\/wp\/v2\/categories?post=16780"},{"taxonomy":"post_tag","embeddable":true,"href":"https:\/\/www.lejournalduforkane.com\/index.php\/wp-json\/wp\/v2\/tags?post=16780"}],"curies":[{"name":"wp","href":"https:\/\/api.w.org\/{rel}","templated":true}]}}