
{"id":16785,"date":"2017-06-22T18:35:03","date_gmt":"2017-06-22T18:35:03","guid":{"rendered":"https:\/\/www.lejournalduforkane.com\/?p=16785"},"modified":"2017-06-22T18:36:01","modified_gmt":"2017-06-22T18:36:01","slug":"daesh-explose-a-la-dynamite-le-minaret-de-la-mosquee-nouri-dans-la-vieille-ville-de-mossoul","status":"publish","type":"post","link":"https:\/\/www.lejournalduforkane.com\/index.php\/daesh-explose-a-la-dynamite-le-minaret-de-la-mosquee-nouri-dans-la-vieille-ville-de-mossoul\/","title":{"rendered":"DAESH explose \u00e0 la dynamite le minaret de la mosqu\u00e9e Nouri dans la vieille ville de Mossoul"},"content":{"rendered":"<p><!--more--><\/p>\n<p style=\"text-align: justify;\">Cette mosqu\u00e9e date de pr\u00e8s d&rsquo;un si\u00e8cle !<\/p>\n<p style=\"text-align: justify;\">C\u2019est une habitude chez les salafistes wahhabites de Daesh de d\u00e9truire tous les mausol\u00e9es, lieux saints, mosqu\u00e9es et tombeaux des Musulmans et des Chr\u00e9tiens des villes et r\u00e9gions qu\u2019ils dominent.<\/p>\n<p style=\"text-align: justify;\">CES TERRORISTES SALAFISTES WAHHABITES NE SONT DONC PAS MUSULMANS. S\u2019 ILS L\u2019\u00c9TAIENT ILS NE D\u00c9TRUIRAIENT PAS LES VESTIGES DE L\u2019ISLAM. ILS NE SERVENT QUE LES INT\u00c9R\u00caTS DE LEURS MA\u00ceTRES SIONISTES QUI CHERCHENT A OCCUPER ET A ESCLAVAGISER LES MUSULMANS.<\/p>\n<p style=\"text-align: justify;\">L\u2019HEURE EST PROCHE, DONC LE FORKANE EST PROCHE<\/p>\n<p><iframe loading=\"lazy\" width=\"560\" height=\"315\" src=\"https:\/\/www.youtube.com\/embed\/z0joe_lEBik\" frameborder=\"0\" allowfullscreen><\/iframe><\/p>\n","protected":false},"excerpt":{"rendered":"Cette mosqu\u00e9e date de pr\u00e8s d'un si\u00e8cle ! C\u2019est une habitude chez les salafistes wahhabites de Daesh de d\u00e9truire tous les mausol\u00e9es, lieux saints, mosqu\u00e9es et tombeaux des Musulmans et","protected":false},"author":2,"featured_media":0,"comment_status":"closed","ping_status":"open","sticky":false,"template":"","format":"standard","meta":[],"categories":[49],"tags":[],"_links":{"self":[{"href":"https:\/\/www.lejournalduforkane.com\/index.php\/wp-json\/wp\/v2\/posts\/16785"}],"collection":[{"href":"https:\/\/www.lejournalduforkane.com\/index.php\/wp-json\/wp\/v2\/posts"}],"about":[{"href":"https:\/\/www.lejournalduforkane.com\/index.php\/wp-json\/wp\/v2\/types\/post"}],"author":[{"embeddable":true,"href":"https:\/\/www.lejournalduforkane.com\/index.php\/wp-json\/wp\/v2\/users\/2"}],"replies":[{"embeddable":true,"href":"https:\/\/www.lejournalduforkane.com\/index.php\/wp-json\/wp\/v2\/comments?post=16785"}],"version-history":[{"count":2,"href":"https:\/\/www.lejournalduforkane.com\/index.php\/wp-json\/wp\/v2\/posts\/16785\/revisions"}],"predecessor-version":[{"id":16788,"href":"https:\/\/www.lejournalduforkane.com\/index.php\/wp-json\/wp\/v2\/posts\/16785\/revisions\/16788"}],"wp:attachment":[{"href":"https:\/\/www.lejournalduforkane.com\/index.php\/wp-json\/wp\/v2\/media?parent=16785"}],"wp:term":[{"taxonomy":"category","embeddable":true,"href":"https:\/\/www.lejournalduforkane.com\/index.php\/wp-json\/wp\/v2\/categories?post=16785"},{"taxonomy":"post_tag","embeddable":true,"href":"https:\/\/www.lejournalduforkane.com\/index.php\/wp-json\/wp\/v2\/tags?post=16785"}],"curies":[{"name":"wp","href":"https:\/\/api.w.org\/{rel}","templated":true}]}}