
{"id":16797,"date":"2019-05-31T12:53:59","date_gmt":"2019-05-31T12:53:59","guid":{"rendered":"https:\/\/www.lejournalduforkane.com\/?p=16797"},"modified":"2019-05-31T19:20:34","modified_gmt":"2019-05-31T19:20:34","slug":"appel-a-la-journee-mondiale-dal-qods-2019-part-2","status":"publish","type":"post","link":"https:\/\/www.lejournalduforkane.com\/index.php\/appel-a-la-journee-mondiale-dal-qods-2019-part-2\/","title":{"rendered":"APPEL A LA JOURN\u00c9E MONDIALE D\u2019AL-QODS 2019 \u2013 Part 2"},"content":{"rendered":"<p style=\"text-align: justify;\"><!--more--><\/p>\n<p style=\"text-align: justify;\">2. L\u2019invasion de Daesh et autres groupes salafistes qui massacrent les Musulmans \u00e0 outrance En juin 2014, apr\u00e8s 3 ans de guerre et de massacre en Syrie, les mercenaires salafistes wahhabites \u00e0 la solde d\u2019Isra\u00ebl et de l\u2019Am\u00e9rique envahissent l\u2019Irak, comme l\u2019avaient avant eux les Etats-Unis. C\u2019est que l\u2019Irak se pr\u00eate facilement aux manipulations parce que l\u2019\u00e9lite irakienne est gangr\u00e9n\u00e9e par la corruption. L\u2019arm\u00e9e : lorsque les hordes de salafistes ont d\u00e9ferl\u00e9 sur Mossoul les officiers irakiens ont fui et des milliers de soldats se sont rendus : c\u2019est une honte !!!!<br \/>\nLes Politiques : en 2013, le vice-pr\u00e9sident est accus\u00e9 de pr\u00e9parer des attentats contre des hautes personnalit\u00e9s de l\u2019Etat. Il a fui en Turquie pour se r\u00e9fugier.<\/p>\n<p style=\"text-align: justify;\">Aujourd\u2019hui Daesh et les groupes arm\u00e9s salafistes wahhabites qui travaillent pour Isra\u00ebl occupent la Syrie et l\u2019Irak et ensanglante le Moyen-Orient. Isra\u00ebl se r\u00e9jouit de cette situation :<\/p>\n<p style=\"text-align: justify;\">C\u2019EST LE PRINCIPE DU DIVISER POUR MIEUX R\u00c9GNER, PENDANT QUE LE CHAOS R\u00c8GNE AUTOUR D\u2019EUX, LES SIONISTES VIVENT DANS LA TRANQUILLIT\u00c9, CAR CE N\u2019EST PAS DEMAIN LA VEILLE QUE LES SALAFISTES WAHHABITES ATTAQUERONT ISRA\u00cbL, SAUF POUR LUI DONNER PR\u00c9TEXTE DE BOMBARDER GAZA ET FRAGILISER LA VRAIE R\u00c9SISTANCE DU HAMAS ET DU JIHAD ISLAMIQUE.<\/p>\n<p style=\"text-align: justify;\">===============================<\/p>\n<div id=\"js_3w\" class=\"_5pbx userContent\" data-ft=\"{&quot;tn&quot;:&quot;K&quot;}\">\n<p style=\"text-align: justify;\">Chaque ann\u00e9e a lieu, le dernier vendredi du mois de Ramadan, la Journ\u00e9e Mondiale d\u2019Al-Qods, initi\u00e9 par l\u2019ImamKhomeiny, en 1979. En instaurant cette c\u00e9r\u00e9monie, l\u2019objectif \u00e9tait d\u2019exprimer le soutient sans faille de la communaut\u00e9 islamique et sa solidarit\u00e9 totale avec le peuple de Palestine.<\/p>\n<p style=\"text-align: justify;\">Depuis plus de 60 ans la Palestine est occup\u00e9e par les sionistes. Cette journ\u00e9e sert \u00e0 d\u00e9noncer les crimes et le g\u00e9nocide perp\u00e9tr\u00e9s par les sionistes contre les Palestiniens. Cela implique aussi de d\u00e9noncer leurs protecteurs que sont les puissances occidentales (Etats-Unis et Europe en t\u00eate).<\/p>\n<p style=\"text-align: justify;\">Le but est de montrer que la question palestinienne et la lib\u00e9ration de la Palestine (et de J\u00e9rusalem al-Qods) sont d\u2019une importance centrale pour plus d\u2019un milliard et demi de Musulmans. Son appel r\u00e9sonne encore : \u00ab J\u2019appelle, disait-il, tout les Musulmans du monde et tout les Etats islamiques \u00e0 s\u2019unir pour couper les mains du r\u00e9gime occupant d\u2019Al-Qods et de ceux qui les prot\u00e8gent. J\u2019invite tous les Musulmans \u00e0 choisir le dernier vendredi du mois b\u00e9ni de Ramadan pour se rassembler et exprimer sa solidarit\u00e9 avec le peuple Palestinien, en apportant le soutien \u00e0 ses droits l\u00e9gitimes. Le noble Coran, ainsi que les hadiths rapport\u00e9s par le Proph\u00e8te de l\u2019Islam, Mohammad (que le salut de Dieu soit sur lui et ses descendants) insistent sur la n\u00e9cessit\u00e9 de d\u00e9fendre les opprim\u00e9s face aux oppresseurs.<\/p>\n<p style=\"text-align: justify;\">A ce propos le Proph\u00e8te de l\u2019Islam (P) dit : \u00ab si un Musulman entend l\u2019appel \u00e0 l\u2019aide d\u2019un autre Musulman et ne l\u2019aide pas, il n\u2019est plus consid\u00e9r\u00e9s comme musulman \u00bb.<\/p>\n<p style=\"text-align: justify;\">Le JOURNAL DU FORKANE et Ali DANI souhaitent revenir sur tous les \u00e9v\u00e9nements de l\u2019ann\u00e9e qui vient de s\u2019\u00e9couler et qui concernent bien la cause Palestinienne, qui est la m\u00e8re des batailles.<\/p>\n<p style=\"text-align: justify;\">\u00a0<img loading=\"lazy\" class=\"alignnone size-full wp-image-22727\" src=\"https:\/\/www.lejournalduforkane.com\/wp-content\/uploads\/2019\/05\/al-qods-1.jpg\" alt=\"al qods 1\" width=\"548\" height=\"297\" srcset=\"https:\/\/www.lejournalduforkane.com\/wp-content\/uploads\/2019\/05\/al-qods-1.jpg 548w, https:\/\/www.lejournalduforkane.com\/wp-content\/uploads\/2019\/05\/al-qods-1-300x163.jpg 300w\" sizes=\"(max-width: 548px) 100vw, 548px\" \/><\/p>\n<\/div>\n","protected":false},"excerpt":{"rendered":"2. L\u2019invasion de Daesh et autres groupes salafistes qui massacrent les Musulmans \u00e0 outrance En juin 2014, apr\u00e8s 3 ans de guerre et de massacre en Syrie, les mercenaires salafistes","protected":false},"author":2,"featured_media":0,"comment_status":"closed","ping_status":"open","sticky":false,"template":"","format":"standard","meta":[],"categories":[],"tags":[],"_links":{"self":[{"href":"https:\/\/www.lejournalduforkane.com\/index.php\/wp-json\/wp\/v2\/posts\/16797"}],"collection":[{"href":"https:\/\/www.lejournalduforkane.com\/index.php\/wp-json\/wp\/v2\/posts"}],"about":[{"href":"https:\/\/www.lejournalduforkane.com\/index.php\/wp-json\/wp\/v2\/types\/post"}],"author":[{"embeddable":true,"href":"https:\/\/www.lejournalduforkane.com\/index.php\/wp-json\/wp\/v2\/users\/2"}],"replies":[{"embeddable":true,"href":"https:\/\/www.lejournalduforkane.com\/index.php\/wp-json\/wp\/v2\/comments?post=16797"}],"version-history":[{"count":3,"href":"https:\/\/www.lejournalduforkane.com\/index.php\/wp-json\/wp\/v2\/posts\/16797\/revisions"}],"predecessor-version":[{"id":22728,"href":"https:\/\/www.lejournalduforkane.com\/index.php\/wp-json\/wp\/v2\/posts\/16797\/revisions\/22728"}],"wp:attachment":[{"href":"https:\/\/www.lejournalduforkane.com\/index.php\/wp-json\/wp\/v2\/media?parent=16797"}],"wp:term":[{"taxonomy":"category","embeddable":true,"href":"https:\/\/www.lejournalduforkane.com\/index.php\/wp-json\/wp\/v2\/categories?post=16797"},{"taxonomy":"post_tag","embeddable":true,"href":"https:\/\/www.lejournalduforkane.com\/index.php\/wp-json\/wp\/v2\/tags?post=16797"}],"curies":[{"name":"wp","href":"https:\/\/api.w.org\/{rel}","templated":true}]}}