
{"id":16807,"date":"2017-06-23T19:05:43","date_gmt":"2017-06-23T19:05:43","guid":{"rendered":"https:\/\/www.lejournalduforkane.com\/?p=16807"},"modified":"2017-06-23T19:05:43","modified_gmt":"2017-06-23T19:05:43","slug":"video-des-dizaines-de-milliers-de-palestiniens-participent-a-la-journee-mondiale-dal-qods-a-la-mosquee-al-aqsa","status":"publish","type":"post","link":"https:\/\/www.lejournalduforkane.com\/index.php\/video-des-dizaines-de-milliers-de-palestiniens-participent-a-la-journee-mondiale-dal-qods-a-la-mosquee-al-aqsa\/","title":{"rendered":"[Vid\u00e9o] | Des dizaines de milliers de palestiniens participent \u00e0 la Journ\u00e9e Mondiale d\u2019al-Qods \u00e0 la mosqu\u00e9e Al-Aqsa"},"content":{"rendered":"<p><!--more--><iframe loading=\"lazy\" src=\"https:\/\/www.youtube.com\/embed\/N3l8yAgl8PQ\" width=\"560\" height=\"315\" frameborder=\"0\" allowfullscreen=\"allowfullscreen\"><\/iframe><\/p>\n","protected":false},"excerpt":{"rendered":"","protected":false},"author":2,"featured_media":0,"comment_status":"closed","ping_status":"open","sticky":false,"template":"","format":"standard","meta":[],"categories":[49],"tags":[],"_links":{"self":[{"href":"https:\/\/www.lejournalduforkane.com\/index.php\/wp-json\/wp\/v2\/posts\/16807"}],"collection":[{"href":"https:\/\/www.lejournalduforkane.com\/index.php\/wp-json\/wp\/v2\/posts"}],"about":[{"href":"https:\/\/www.lejournalduforkane.com\/index.php\/wp-json\/wp\/v2\/types\/post"}],"author":[{"embeddable":true,"href":"https:\/\/www.lejournalduforkane.com\/index.php\/wp-json\/wp\/v2\/users\/2"}],"replies":[{"embeddable":true,"href":"https:\/\/www.lejournalduforkane.com\/index.php\/wp-json\/wp\/v2\/comments?post=16807"}],"version-history":[{"count":1,"href":"https:\/\/www.lejournalduforkane.com\/index.php\/wp-json\/wp\/v2\/posts\/16807\/revisions"}],"predecessor-version":[{"id":16809,"href":"https:\/\/www.lejournalduforkane.com\/index.php\/wp-json\/wp\/v2\/posts\/16807\/revisions\/16809"}],"wp:attachment":[{"href":"https:\/\/www.lejournalduforkane.com\/index.php\/wp-json\/wp\/v2\/media?parent=16807"}],"wp:term":[{"taxonomy":"category","embeddable":true,"href":"https:\/\/www.lejournalduforkane.com\/index.php\/wp-json\/wp\/v2\/categories?post=16807"},{"taxonomy":"post_tag","embeddable":true,"href":"https:\/\/www.lejournalduforkane.com\/index.php\/wp-json\/wp\/v2\/tags?post=16807"}],"curies":[{"name":"wp","href":"https:\/\/api.w.org\/{rel}","templated":true}]}}