
{"id":16811,"date":"2017-06-25T15:15:09","date_gmt":"2017-06-25T15:15:09","guid":{"rendered":"https:\/\/www.lejournalduforkane.com\/?p=16811"},"modified":"2017-06-25T15:23:29","modified_gmt":"2017-06-25T15:23:29","slug":"video-de-lattentat-dejoue-hier-soir-a-la-mecque1","status":"publish","type":"post","link":"https:\/\/www.lejournalduforkane.com\/index.php\/video-de-lattentat-dejoue-hier-soir-a-la-mecque1\/","title":{"rendered":"URGENT : Vid\u00e9o de l&rsquo;Attentat d\u00e9jou\u00e9 hier soir \u00e0 la Mecque"},"content":{"rendered":"<p><!--more--><\/p>\n<p>Nous vous en parlions d\u00e9j\u00e0 dans notre article : Les H\u00e9r\u00e9tiques \u27a1 \u00a0\u00bb Mais il en faut bien davantage pour amadouer les sionistes : au Hedjaz, un groupe arm\u00e9, les \u00ab Fr\u00e8res croyants \u00bb (Ikhwan Al-Mouminin) d\u00e9clare la guerre aux Al-Saoud et promet des attentas \u00e0 la Mecque.\u00a0\u00bb<\/p>\n<p>En savoir plus: <a href=\"https:\/\/www.lejournalduforkane.com\/index.php\/la-chute-de-la-maison-al-saoud1\/\">https:\/\/www.lejournalduforkane.com\/index.php\/la-chute-de-la-maison-al-saoud1\/<\/a><\/p>\n<p><iframe loading=\"lazy\" src=\"https:\/\/www.youtube.com\/embed\/gbcYlCWjnV4\" width=\"560\" height=\"315\" frameborder=\"0\" allowfullscreen=\"allowfullscreen\"><\/iframe><\/p>\n","protected":false},"excerpt":{"rendered":"Nous vous en parlions d\u00e9j\u00e0 dans notre article : Les H\u00e9r\u00e9tiques \u27a1 \" Mais il en faut bien davantage pour amadouer les sionistes : au Hedjaz, un groupe arm\u00e9, les","protected":false},"author":2,"featured_media":16815,"comment_status":"closed","ping_status":"open","sticky":false,"template":"","format":"standard","meta":[],"categories":[49],"tags":[],"_links":{"self":[{"href":"https:\/\/www.lejournalduforkane.com\/index.php\/wp-json\/wp\/v2\/posts\/16811"}],"collection":[{"href":"https:\/\/www.lejournalduforkane.com\/index.php\/wp-json\/wp\/v2\/posts"}],"about":[{"href":"https:\/\/www.lejournalduforkane.com\/index.php\/wp-json\/wp\/v2\/types\/post"}],"author":[{"embeddable":true,"href":"https:\/\/www.lejournalduforkane.com\/index.php\/wp-json\/wp\/v2\/users\/2"}],"replies":[{"embeddable":true,"href":"https:\/\/www.lejournalduforkane.com\/index.php\/wp-json\/wp\/v2\/comments?post=16811"}],"version-history":[{"count":1,"href":"https:\/\/www.lejournalduforkane.com\/index.php\/wp-json\/wp\/v2\/posts\/16811\/revisions"}],"predecessor-version":[{"id":16813,"href":"https:\/\/www.lejournalduforkane.com\/index.php\/wp-json\/wp\/v2\/posts\/16811\/revisions\/16813"}],"wp:featuredmedia":[{"embeddable":true,"href":"https:\/\/www.lejournalduforkane.com\/index.php\/wp-json\/wp\/v2\/media\/16815"}],"wp:attachment":[{"href":"https:\/\/www.lejournalduforkane.com\/index.php\/wp-json\/wp\/v2\/media?parent=16811"}],"wp:term":[{"taxonomy":"category","embeddable":true,"href":"https:\/\/www.lejournalduforkane.com\/index.php\/wp-json\/wp\/v2\/categories?post=16811"},{"taxonomy":"post_tag","embeddable":true,"href":"https:\/\/www.lejournalduforkane.com\/index.php\/wp-json\/wp\/v2\/tags?post=16811"}],"curies":[{"name":"wp","href":"https:\/\/api.w.org\/{rel}","templated":true}]}}