
{"id":16822,"date":"2017-06-25T20:02:36","date_gmt":"2017-06-25T20:02:36","guid":{"rendered":"https:\/\/www.lejournalduforkane.com\/?p=16822"},"modified":"2017-06-25T20:02:36","modified_gmt":"2017-06-25T20:02:36","slug":"video-le-president-bachar-al-assad-a-effectue-ce-matin-la-priere-de-laid-al-fitr-dans-la-mosquee-al-nouri-au-centre-de-hama","status":"publish","type":"post","link":"https:\/\/www.lejournalduforkane.com\/index.php\/video-le-president-bachar-al-assad-a-effectue-ce-matin-la-priere-de-laid-al-fitr-dans-la-mosquee-al-nouri-au-centre-de-hama\/","title":{"rendered":"[Vid\u00e9o] | Le pr\u00e9sident Bachar al-Assad a effectu\u00e9 ce matin la pri\u00e8re de l\u2019A\u00efd al-Fitr dans la mosqu\u00e9e Al-Nouri au centre de Hama"},"content":{"rendered":"<p><!--more--><\/p>\n<div id=\"js_6s\" class=\"_5pbx userContent\" data-ft=\"{&quot;tn&quot;:&quot;K&quot;}\">\n<p>VIVE LA SYRIE &#8211; VIVE BACHAR AL ASSAD<\/p>\n<\/div>\n<p><iframe loading=\"lazy\" src=\"https:\/\/www.youtube.com\/embed\/CQy58H0ZK5c\" width=\"560\" height=\"315\" frameborder=\"0\" allowfullscreen=\"allowfullscreen\"><\/iframe><\/p>\n","protected":false},"excerpt":{"rendered":"VIVE LA SYRIE - VIVE BACHAR AL ASSAD","protected":false},"author":2,"featured_media":0,"comment_status":"closed","ping_status":"open","sticky":false,"template":"","format":"standard","meta":[],"categories":[49],"tags":[],"_links":{"self":[{"href":"https:\/\/www.lejournalduforkane.com\/index.php\/wp-json\/wp\/v2\/posts\/16822"}],"collection":[{"href":"https:\/\/www.lejournalduforkane.com\/index.php\/wp-json\/wp\/v2\/posts"}],"about":[{"href":"https:\/\/www.lejournalduforkane.com\/index.php\/wp-json\/wp\/v2\/types\/post"}],"author":[{"embeddable":true,"href":"https:\/\/www.lejournalduforkane.com\/index.php\/wp-json\/wp\/v2\/users\/2"}],"replies":[{"embeddable":true,"href":"https:\/\/www.lejournalduforkane.com\/index.php\/wp-json\/wp\/v2\/comments?post=16822"}],"version-history":[{"count":1,"href":"https:\/\/www.lejournalduforkane.com\/index.php\/wp-json\/wp\/v2\/posts\/16822\/revisions"}],"predecessor-version":[{"id":16824,"href":"https:\/\/www.lejournalduforkane.com\/index.php\/wp-json\/wp\/v2\/posts\/16822\/revisions\/16824"}],"wp:attachment":[{"href":"https:\/\/www.lejournalduforkane.com\/index.php\/wp-json\/wp\/v2\/media?parent=16822"}],"wp:term":[{"taxonomy":"category","embeddable":true,"href":"https:\/\/www.lejournalduforkane.com\/index.php\/wp-json\/wp\/v2\/categories?post=16822"},{"taxonomy":"post_tag","embeddable":true,"href":"https:\/\/www.lejournalduforkane.com\/index.php\/wp-json\/wp\/v2\/tags?post=16822"}],"curies":[{"name":"wp","href":"https:\/\/api.w.org\/{rel}","templated":true}]}}