
{"id":16859,"date":"2017-06-26T18:46:27","date_gmt":"2017-06-26T18:46:27","guid":{"rendered":"https:\/\/www.lejournalduforkane.com\/?p=16859"},"modified":"2017-06-26T18:46:27","modified_gmt":"2017-06-26T18:46:27","slug":"bachar-al-assad-et-sa-famille-rendent-visite-a-la-famille-dun-heros-syrien-blesse","status":"publish","type":"post","link":"https:\/\/www.lejournalduforkane.com\/index.php\/bachar-al-assad-et-sa-famille-rendent-visite-a-la-famille-dun-heros-syrien-blesse\/","title":{"rendered":"Bachar Al Assad et sa famille rendent visite \u00e0 la famille d&rsquo;un h\u00e9ros syrien bless\u00e9"},"content":{"rendered":"<p><!--more--><\/p>\n<div class=\"_h8t\">\n<div class=\"_5wd9 direction_ltr\">\n<div class=\"_5wde _n4o\">\n<div class=\"_5w1r _3_om _5wdf\">\n<div class=\"_4gx_\">\n<div class=\"_d97\"><span class=\"_5yl5\">Regardez Bachar Al Assad et sa famille rendent visite \u00e0 la famille d&rsquo;un h\u00e9ros syrien bless\u00e9 : Ahmad Ahmed Khalil On peut voir Bachar Al Assad conduire sa propre voiture et sans garde du corps.<\/span><\/div>\n<div class=\"_d97\"><\/div>\n<div class=\"_d97\"><span class=\"_5yl5\">VIVE LA SYRIE ET VIVE BACHAR AL ASSAD<\/span><\/div>\n<\/div>\n<\/div>\n<p><iframe loading=\"lazy\" src=\"https:\/\/www.youtube.com\/embed\/weDN_FOOPPs\" width=\"560\" height=\"315\" frameborder=\"0\" allowfullscreen=\"allowfullscreen\"><\/iframe><\/p>\n<\/div>\n<\/div>\n<\/div>\n","protected":false},"excerpt":{"rendered":"Regardez Bachar Al Assad et sa famille rendent visite \u00e0 la famille d'un h\u00e9ros syrien bless\u00e9 : Ahmad Ahmed Khalil On peut voir Bachar Al Assad conduire sa propre voiture","protected":false},"author":2,"featured_media":0,"comment_status":"closed","ping_status":"open","sticky":false,"template":"","format":"standard","meta":[],"categories":[49],"tags":[],"_links":{"self":[{"href":"https:\/\/www.lejournalduforkane.com\/index.php\/wp-json\/wp\/v2\/posts\/16859"}],"collection":[{"href":"https:\/\/www.lejournalduforkane.com\/index.php\/wp-json\/wp\/v2\/posts"}],"about":[{"href":"https:\/\/www.lejournalduforkane.com\/index.php\/wp-json\/wp\/v2\/types\/post"}],"author":[{"embeddable":true,"href":"https:\/\/www.lejournalduforkane.com\/index.php\/wp-json\/wp\/v2\/users\/2"}],"replies":[{"embeddable":true,"href":"https:\/\/www.lejournalduforkane.com\/index.php\/wp-json\/wp\/v2\/comments?post=16859"}],"version-history":[{"count":1,"href":"https:\/\/www.lejournalduforkane.com\/index.php\/wp-json\/wp\/v2\/posts\/16859\/revisions"}],"predecessor-version":[{"id":16861,"href":"https:\/\/www.lejournalduforkane.com\/index.php\/wp-json\/wp\/v2\/posts\/16859\/revisions\/16861"}],"wp:attachment":[{"href":"https:\/\/www.lejournalduforkane.com\/index.php\/wp-json\/wp\/v2\/media?parent=16859"}],"wp:term":[{"taxonomy":"category","embeddable":true,"href":"https:\/\/www.lejournalduforkane.com\/index.php\/wp-json\/wp\/v2\/categories?post=16859"},{"taxonomy":"post_tag","embeddable":true,"href":"https:\/\/www.lejournalduforkane.com\/index.php\/wp-json\/wp\/v2\/tags?post=16859"}],"curies":[{"name":"wp","href":"https:\/\/api.w.org\/{rel}","templated":true}]}}