
{"id":16867,"date":"2017-06-28T18:55:10","date_gmt":"2017-06-28T18:55:10","guid":{"rendered":"https:\/\/www.lejournalduforkane.com\/?p=16867"},"modified":"2017-06-28T18:55:10","modified_gmt":"2017-06-28T18:55:10","slug":"le-president-al-assad-visite-la-base-aerienne-de-hmeimim","status":"publish","type":"post","link":"https:\/\/www.lejournalduforkane.com\/index.php\/le-president-al-assad-visite-la-base-aerienne-de-hmeimim\/","title":{"rendered":"Le Pr\u00e9sident Al Assad visite la base a\u00e9rienne de Hmeimim"},"content":{"rendered":"<p><!--more--><\/p>\n<p style=\"text-align: justify;\">La base a\u00e9rienne de Hmeimim est une base a\u00e9rienne russe situ\u00e9e au sud-est de la ville de Lattaqui\u00e9 dans le gouvernorat de Lattaqui\u00e9<\/p>\n<p><iframe loading=\"lazy\" src=\"https:\/\/www.youtube.com\/embed\/KjTLJhylz2k\" width=\"560\" height=\"315\" frameborder=\"0\" allowfullscreen=\"allowfullscreen\"><\/iframe><\/p>\n","protected":false},"excerpt":{"rendered":"La base a\u00e9rienne de Hmeimim est une base a\u00e9rienne russe situ\u00e9e au sud-est de la ville de Lattaqui\u00e9 dans le gouvernorat de Lattaqui\u00e9","protected":false},"author":2,"featured_media":0,"comment_status":"closed","ping_status":"open","sticky":false,"template":"","format":"standard","meta":[],"categories":[49],"tags":[],"_links":{"self":[{"href":"https:\/\/www.lejournalduforkane.com\/index.php\/wp-json\/wp\/v2\/posts\/16867"}],"collection":[{"href":"https:\/\/www.lejournalduforkane.com\/index.php\/wp-json\/wp\/v2\/posts"}],"about":[{"href":"https:\/\/www.lejournalduforkane.com\/index.php\/wp-json\/wp\/v2\/types\/post"}],"author":[{"embeddable":true,"href":"https:\/\/www.lejournalduforkane.com\/index.php\/wp-json\/wp\/v2\/users\/2"}],"replies":[{"embeddable":true,"href":"https:\/\/www.lejournalduforkane.com\/index.php\/wp-json\/wp\/v2\/comments?post=16867"}],"version-history":[{"count":1,"href":"https:\/\/www.lejournalduforkane.com\/index.php\/wp-json\/wp\/v2\/posts\/16867\/revisions"}],"predecessor-version":[{"id":16875,"href":"https:\/\/www.lejournalduforkane.com\/index.php\/wp-json\/wp\/v2\/posts\/16867\/revisions\/16875"}],"wp:attachment":[{"href":"https:\/\/www.lejournalduforkane.com\/index.php\/wp-json\/wp\/v2\/media?parent=16867"}],"wp:term":[{"taxonomy":"category","embeddable":true,"href":"https:\/\/www.lejournalduforkane.com\/index.php\/wp-json\/wp\/v2\/categories?post=16867"},{"taxonomy":"post_tag","embeddable":true,"href":"https:\/\/www.lejournalduforkane.com\/index.php\/wp-json\/wp\/v2\/tags?post=16867"}],"curies":[{"name":"wp","href":"https:\/\/api.w.org\/{rel}","templated":true}]}}