
{"id":16896,"date":"2017-06-30T15:11:47","date_gmt":"2017-06-30T15:11:47","guid":{"rendered":"https:\/\/www.lejournalduforkane.com\/?p=16896"},"modified":"2017-06-30T15:11:47","modified_gmt":"2017-06-30T15:11:47","slug":"video-les-forces-irakiennes-delivrent-les-enfants-et-les-personnes-agees-de-lemprise-de-daesh-qui-les-utilisaient-comme-boucliers-humains-a-mossoul","status":"publish","type":"post","link":"https:\/\/www.lejournalduforkane.com\/index.php\/video-les-forces-irakiennes-delivrent-les-enfants-et-les-personnes-agees-de-lemprise-de-daesh-qui-les-utilisaient-comme-boucliers-humains-a-mossoul\/","title":{"rendered":"[Vid\u00e9o] | Les forces irakiennes d\u00e9livrent les enfants et les personnes \u00e2g\u00e9es de l&#8217;emprise de Daesh qui les utilisaient comme boucliers humains \u00e0 Mossoul"},"content":{"rendered":"<p><!--more--><br \/>\n<iframe loading=\"lazy\" src=\"https:\/\/www.youtube.com\/embed\/hyYvPcCeANU\" width=\"560\" height=\"315\" frameborder=\"0\" allowfullscreen=\"allowfullscreen\"><\/iframe><\/p>\n","protected":false},"excerpt":{"rendered":"","protected":false},"author":2,"featured_media":0,"comment_status":"closed","ping_status":"open","sticky":false,"template":"","format":"standard","meta":[],"categories":[49],"tags":[],"_links":{"self":[{"href":"https:\/\/www.lejournalduforkane.com\/index.php\/wp-json\/wp\/v2\/posts\/16896"}],"collection":[{"href":"https:\/\/www.lejournalduforkane.com\/index.php\/wp-json\/wp\/v2\/posts"}],"about":[{"href":"https:\/\/www.lejournalduforkane.com\/index.php\/wp-json\/wp\/v2\/types\/post"}],"author":[{"embeddable":true,"href":"https:\/\/www.lejournalduforkane.com\/index.php\/wp-json\/wp\/v2\/users\/2"}],"replies":[{"embeddable":true,"href":"https:\/\/www.lejournalduforkane.com\/index.php\/wp-json\/wp\/v2\/comments?post=16896"}],"version-history":[{"count":1,"href":"https:\/\/www.lejournalduforkane.com\/index.php\/wp-json\/wp\/v2\/posts\/16896\/revisions"}],"predecessor-version":[{"id":16898,"href":"https:\/\/www.lejournalduforkane.com\/index.php\/wp-json\/wp\/v2\/posts\/16896\/revisions\/16898"}],"wp:attachment":[{"href":"https:\/\/www.lejournalduforkane.com\/index.php\/wp-json\/wp\/v2\/media?parent=16896"}],"wp:term":[{"taxonomy":"category","embeddable":true,"href":"https:\/\/www.lejournalduforkane.com\/index.php\/wp-json\/wp\/v2\/categories?post=16896"},{"taxonomy":"post_tag","embeddable":true,"href":"https:\/\/www.lejournalduforkane.com\/index.php\/wp-json\/wp\/v2\/tags?post=16896"}],"curies":[{"name":"wp","href":"https:\/\/api.w.org\/{rel}","templated":true}]}}