
{"id":16902,"date":"2017-06-30T18:27:50","date_gmt":"2017-06-30T18:27:50","guid":{"rendered":"https:\/\/www.lejournalduforkane.com\/?p=16902"},"modified":"2017-06-30T18:27:50","modified_gmt":"2017-06-30T18:27:50","slug":"video-un-moment-historique-dans-la-liberation-de-mossoul","status":"publish","type":"post","link":"https:\/\/www.lejournalduforkane.com\/index.php\/video-un-moment-historique-dans-la-liberation-de-mossoul\/","title":{"rendered":"[Vid\u00e9o] | Un moment historique dans la lib\u00e9ration de Mossoul"},"content":{"rendered":"<p><!--more--><\/p>\n<p><span class=\"_5yl5\">[Vid\u00e9o] | Un moment historique dans la lib\u00e9ration de Mossoul : le Lieutenant g\u00e9n\u00e9ral Abdelghani el-Assadi l\u00e8ve le drapeau irakien au dessus de la mosqu\u00e9e Nouri MORT AUX SALAFISTES ET VIVE LE PEUPLE IRAKIEN<\/span><br \/>\n<iframe loading=\"lazy\" src=\"https:\/\/www.youtube.com\/embed\/Wk2wlO29ZwM\" width=\"560\" height=\"315\" frameborder=\"0\" allowfullscreen=\"allowfullscreen\"><\/iframe><\/p>\n","protected":false},"excerpt":{"rendered":"[Vid\u00e9o] | Un moment historique dans la lib\u00e9ration de Mossoul : le Lieutenant g\u00e9n\u00e9ral Abdelghani el-Assadi l\u00e8ve le drapeau irakien au dessus de la mosqu\u00e9e Nouri MORT AUX SALAFISTES ET","protected":false},"author":2,"featured_media":0,"comment_status":"closed","ping_status":"open","sticky":false,"template":"","format":"standard","meta":[],"categories":[49],"tags":[],"_links":{"self":[{"href":"https:\/\/www.lejournalduforkane.com\/index.php\/wp-json\/wp\/v2\/posts\/16902"}],"collection":[{"href":"https:\/\/www.lejournalduforkane.com\/index.php\/wp-json\/wp\/v2\/posts"}],"about":[{"href":"https:\/\/www.lejournalduforkane.com\/index.php\/wp-json\/wp\/v2\/types\/post"}],"author":[{"embeddable":true,"href":"https:\/\/www.lejournalduforkane.com\/index.php\/wp-json\/wp\/v2\/users\/2"}],"replies":[{"embeddable":true,"href":"https:\/\/www.lejournalduforkane.com\/index.php\/wp-json\/wp\/v2\/comments?post=16902"}],"version-history":[{"count":1,"href":"https:\/\/www.lejournalduforkane.com\/index.php\/wp-json\/wp\/v2\/posts\/16902\/revisions"}],"predecessor-version":[{"id":16904,"href":"https:\/\/www.lejournalduforkane.com\/index.php\/wp-json\/wp\/v2\/posts\/16902\/revisions\/16904"}],"wp:attachment":[{"href":"https:\/\/www.lejournalduforkane.com\/index.php\/wp-json\/wp\/v2\/media?parent=16902"}],"wp:term":[{"taxonomy":"category","embeddable":true,"href":"https:\/\/www.lejournalduforkane.com\/index.php\/wp-json\/wp\/v2\/categories?post=16902"},{"taxonomy":"post_tag","embeddable":true,"href":"https:\/\/www.lejournalduforkane.com\/index.php\/wp-json\/wp\/v2\/tags?post=16902"}],"curies":[{"name":"wp","href":"https:\/\/api.w.org\/{rel}","templated":true}]}}