
{"id":16930,"date":"2017-07-03T18:44:08","date_gmt":"2017-07-03T18:44:08","guid":{"rendered":"https:\/\/www.lejournalduforkane.com\/?p=16930"},"modified":"2017-07-03T18:45:21","modified_gmt":"2017-07-03T18:45:21","slug":"palestine-occupee-larmee-la-plus-morale-du-monde-en-action","status":"publish","type":"post","link":"https:\/\/www.lejournalduforkane.com\/index.php\/palestine-occupee-larmee-la-plus-morale-du-monde-en-action\/","title":{"rendered":"Palestine occup\u00e9e : l&rsquo;arm\u00e9e la plus morale du monde en action!!!"},"content":{"rendered":"<p><!--more--><\/p>\n<p style=\"text-align: justify;\">Les forces d&rsquo;occupation kidnappent un enfant de 6 ans. Il se nomme Hamza Abbasi et habite \u00e0 J\u00e9rusalem Al-Qods. Comme vous pouvez le voir, les soldats de l&rsquo;arm\u00e9e isra\u00e9lienne ne lui permettent m\u00eame pas de se rhabiller.<\/p>\n<p style=\"text-align: justify;\">Comment peut-on arr\u00eater un enfant de 6 ans ? Quel objectif poursuit Isra\u00ebl ? Ils pensent pouvoir jeter la terreur et la peur au sein de la population palestinienne afin de lui enlever toute en<span class=\"text_exposed_show\">vie de r\u00e9sistance.<br \/>\nMais cette strat\u00e9gie, comme toutes autres, est vou\u00e9e \u00e0 l&rsquo;\u00e9chec.<\/span><\/p>\n<p><iframe loading=\"lazy\" src=\"https:\/\/www.youtube.com\/embed\/DUiYtv3fR5o\" width=\"560\" height=\"315\" frameborder=\"0\" allowfullscreen=\"allowfullscreen\"><\/iframe><\/p>\n","protected":false},"excerpt":{"rendered":"Les forces d'occupation kidnappent un enfant de 6 ans. Il se nomme Hamza Abbasi et habite \u00e0 J\u00e9rusalem Al-Qods. Comme vous pouvez le voir, les soldats de l'arm\u00e9e isra\u00e9lienne ne","protected":false},"author":2,"featured_media":0,"comment_status":"closed","ping_status":"open","sticky":false,"template":"","format":"standard","meta":[],"categories":[49],"tags":[],"_links":{"self":[{"href":"https:\/\/www.lejournalduforkane.com\/index.php\/wp-json\/wp\/v2\/posts\/16930"}],"collection":[{"href":"https:\/\/www.lejournalduforkane.com\/index.php\/wp-json\/wp\/v2\/posts"}],"about":[{"href":"https:\/\/www.lejournalduforkane.com\/index.php\/wp-json\/wp\/v2\/types\/post"}],"author":[{"embeddable":true,"href":"https:\/\/www.lejournalduforkane.com\/index.php\/wp-json\/wp\/v2\/users\/2"}],"replies":[{"embeddable":true,"href":"https:\/\/www.lejournalduforkane.com\/index.php\/wp-json\/wp\/v2\/comments?post=16930"}],"version-history":[{"count":2,"href":"https:\/\/www.lejournalduforkane.com\/index.php\/wp-json\/wp\/v2\/posts\/16930\/revisions"}],"predecessor-version":[{"id":16934,"href":"https:\/\/www.lejournalduforkane.com\/index.php\/wp-json\/wp\/v2\/posts\/16930\/revisions\/16934"}],"wp:attachment":[{"href":"https:\/\/www.lejournalduforkane.com\/index.php\/wp-json\/wp\/v2\/media?parent=16930"}],"wp:term":[{"taxonomy":"category","embeddable":true,"href":"https:\/\/www.lejournalduforkane.com\/index.php\/wp-json\/wp\/v2\/categories?post=16930"},{"taxonomy":"post_tag","embeddable":true,"href":"https:\/\/www.lejournalduforkane.com\/index.php\/wp-json\/wp\/v2\/tags?post=16930"}],"curies":[{"name":"wp","href":"https:\/\/api.w.org\/{rel}","templated":true}]}}