
{"id":16945,"date":"2017-07-05T05:30:26","date_gmt":"2017-07-05T05:30:26","guid":{"rendered":"https:\/\/www.lejournalduforkane.com\/?p=16945"},"modified":"2017-07-05T05:30:26","modified_gmt":"2017-07-05T05:30:26","slug":"les-forces-doccupation-israelienne-demolissent-une-maison-palestinienne-a-beit-hanina-pres-de-jerusalem-est-al-qods","status":"publish","type":"post","link":"https:\/\/www.lejournalduforkane.com\/index.php\/les-forces-doccupation-israelienne-demolissent-une-maison-palestinienne-a-beit-hanina-pres-de-jerusalem-est-al-qods\/","title":{"rendered":"Les forces d\u2019occupation isra\u00e9lienne d\u00e9molissent une maison palestinienne \u00e0 Beit-Hanina pr\u00e8s de J\u00e9rusalem-Est (Al-Qods)"},"content":{"rendered":"<p style=\"text-align: justify;\"><!--more--><\/p>\n<p style=\"text-align: justify;\">Vid\u00e9o d\u2019aujourd\u2019hui, le 4\/07\/2017 : les forces d\u2019occupation isra\u00e9lienne d\u00e9molissent une maison palestinienne \u00e0 Beit-Hanina pr\u00e8s de J\u00e9rusalem-Est (Al-Qods). Une famille enti\u00e8re devient sans abris. Chaque jour et semaine, Isra\u00ebl d\u00e9truit toujours plus de maison, de mosqu\u00e9e ou des cimeti\u00e8res palestiniens.<\/p>\n<p style=\"text-align: justify;\">Ces exactions, avons-nous besoin de le rappeler, sont contraires au \u00ab droit international \u00bb. Toutes ces r\u00e8gles et ces r\u00e9solutions qui composent ce droit international ne sont j<span class=\"text_exposed_show\">amais appliqu\u00e9es lorsqu\u2019il s\u2019agit de rendre justice aux Musulmans en g\u00e9n\u00e9ral et aux Palestiniens en particulier. Par contre lorsqu\u2019il s\u2019agit de bombarder la Syrie de Bachar Al-Assad, de menacer l\u2019Iran, de stigmatiser les r\u00e9sistants du Hamas et du Hezbollah qui se d\u00e9fendent contre les multiples agressions et exactions isra\u00e9liennes on brandit ce \u00ab droit international \u00bb et on sort du chapeau une r\u00e9solution qui permet de justifier l\u2019oppression et l\u2019injustice. Plus que jamais, la force prime le droit.<\/span><\/p>\n<div class=\"text_exposed_show\">\n<p style=\"text-align: justify;\">Mais Al-Mahdi, le Sauveur de l\u2019Humanit\u00e9 et pas seulement des Musulmans, vient pour faire tomber ce syst\u00e8me injuste. Il remplira la terre de justice et d\u2019\u00e9quit\u00e9 et fera tomber les criminels.<\/p>\n<p style=\"text-align: justify;\">\n<\/div>\n<p><iframe loading=\"lazy\" src=\"https:\/\/www.youtube.com\/embed\/Y8_C4dEDmQU\" width=\"560\" height=\"315\" frameborder=\"0\" allowfullscreen=\"allowfullscreen\"><\/iframe><\/p>\n","protected":false},"excerpt":{"rendered":"Vid\u00e9o d\u2019aujourd\u2019hui, le 4\/07\/2017 : les forces d\u2019occupation isra\u00e9lienne d\u00e9molissent une maison palestinienne \u00e0 Beit-Hanina pr\u00e8s de J\u00e9rusalem-Est (Al-Qods). Une famille enti\u00e8re devient sans abris. Chaque jour et semaine, Isra\u00ebl","protected":false},"author":2,"featured_media":0,"comment_status":"closed","ping_status":"open","sticky":false,"template":"","format":"standard","meta":[],"categories":[49],"tags":[],"_links":{"self":[{"href":"https:\/\/www.lejournalduforkane.com\/index.php\/wp-json\/wp\/v2\/posts\/16945"}],"collection":[{"href":"https:\/\/www.lejournalduforkane.com\/index.php\/wp-json\/wp\/v2\/posts"}],"about":[{"href":"https:\/\/www.lejournalduforkane.com\/index.php\/wp-json\/wp\/v2\/types\/post"}],"author":[{"embeddable":true,"href":"https:\/\/www.lejournalduforkane.com\/index.php\/wp-json\/wp\/v2\/users\/2"}],"replies":[{"embeddable":true,"href":"https:\/\/www.lejournalduforkane.com\/index.php\/wp-json\/wp\/v2\/comments?post=16945"}],"version-history":[{"count":1,"href":"https:\/\/www.lejournalduforkane.com\/index.php\/wp-json\/wp\/v2\/posts\/16945\/revisions"}],"predecessor-version":[{"id":16947,"href":"https:\/\/www.lejournalduforkane.com\/index.php\/wp-json\/wp\/v2\/posts\/16945\/revisions\/16947"}],"wp:attachment":[{"href":"https:\/\/www.lejournalduforkane.com\/index.php\/wp-json\/wp\/v2\/media?parent=16945"}],"wp:term":[{"taxonomy":"category","embeddable":true,"href":"https:\/\/www.lejournalduforkane.com\/index.php\/wp-json\/wp\/v2\/categories?post=16945"},{"taxonomy":"post_tag","embeddable":true,"href":"https:\/\/www.lejournalduforkane.com\/index.php\/wp-json\/wp\/v2\/tags?post=16945"}],"curies":[{"name":"wp","href":"https:\/\/api.w.org\/{rel}","templated":true}]}}