
{"id":16958,"date":"2017-07-05T19:03:58","date_gmt":"2017-07-05T19:03:58","guid":{"rendered":"https:\/\/www.lejournalduforkane.com\/?p=16958"},"modified":"2017-07-05T19:03:58","modified_gmt":"2017-07-05T19:03:58","slug":"video-lentite-sioniste-coupe-leau-aux-palestiniens-en-pleine-canicule","status":"publish","type":"post","link":"https:\/\/www.lejournalduforkane.com\/index.php\/video-lentite-sioniste-coupe-leau-aux-palestiniens-en-pleine-canicule\/","title":{"rendered":"[Vid\u00e9o] | L&rsquo;entit\u00e9 sioniste coupe l&rsquo;eau aux Palestiniens en pleine canicule !!!"},"content":{"rendered":"<p style=\"text-align: justify;\"><!--more--><\/p>\n<div class=\"_5x46\" style=\"text-align: justify;\">\u00a0Isra\u00ebl a coup\u00e9 la fourniture d&rsquo;eau aux territoires occup\u00e9s de Cisjordanie. Ce sont des dizaines de milliers de Palestiniens qui sont priv\u00e9s d&rsquo;eau potable suite de la vague de chaleur qui a frapp\u00e9 les territoires palestiniens.<\/div>\n<div class=\"_5x46\" style=\"text-align: justify;\"><\/div>\n<p><iframe loading=\"lazy\" src=\"https:\/\/www.youtube.com\/embed\/_Qcnqa0_4mw\" width=\"560\" height=\"315\" frameborder=\"0\" allowfullscreen=\"allowfullscreen\"><\/iframe><\/p>\n","protected":false},"excerpt":{"rendered":"\u00a0Isra\u00ebl a coup\u00e9 la fourniture d'eau aux territoires occup\u00e9s de Cisjordanie. Ce sont des dizaines de milliers de Palestiniens qui sont priv\u00e9s d'eau potable suite de la vague de chaleur","protected":false},"author":2,"featured_media":0,"comment_status":"closed","ping_status":"open","sticky":false,"template":"","format":"standard","meta":[],"categories":[49],"tags":[],"_links":{"self":[{"href":"https:\/\/www.lejournalduforkane.com\/index.php\/wp-json\/wp\/v2\/posts\/16958"}],"collection":[{"href":"https:\/\/www.lejournalduforkane.com\/index.php\/wp-json\/wp\/v2\/posts"}],"about":[{"href":"https:\/\/www.lejournalduforkane.com\/index.php\/wp-json\/wp\/v2\/types\/post"}],"author":[{"embeddable":true,"href":"https:\/\/www.lejournalduforkane.com\/index.php\/wp-json\/wp\/v2\/users\/2"}],"replies":[{"embeddable":true,"href":"https:\/\/www.lejournalduforkane.com\/index.php\/wp-json\/wp\/v2\/comments?post=16958"}],"version-history":[{"count":1,"href":"https:\/\/www.lejournalduforkane.com\/index.php\/wp-json\/wp\/v2\/posts\/16958\/revisions"}],"predecessor-version":[{"id":16960,"href":"https:\/\/www.lejournalduforkane.com\/index.php\/wp-json\/wp\/v2\/posts\/16958\/revisions\/16960"}],"wp:attachment":[{"href":"https:\/\/www.lejournalduforkane.com\/index.php\/wp-json\/wp\/v2\/media?parent=16958"}],"wp:term":[{"taxonomy":"category","embeddable":true,"href":"https:\/\/www.lejournalduforkane.com\/index.php\/wp-json\/wp\/v2\/categories?post=16958"},{"taxonomy":"post_tag","embeddable":true,"href":"https:\/\/www.lejournalduforkane.com\/index.php\/wp-json\/wp\/v2\/tags?post=16958"}],"curies":[{"name":"wp","href":"https:\/\/api.w.org\/{rel}","templated":true}]}}