
{"id":16979,"date":"2017-07-09T13:37:58","date_gmt":"2017-07-09T13:37:58","guid":{"rendered":"https:\/\/www.lejournalduforkane.com\/?p=16979"},"modified":"2017-07-09T13:37:58","modified_gmt":"2017-07-09T13:37:58","slug":"video-un-apercu-des-rudes-combats-livres-par-les-forces-irakiennes-face-aux-terroristes-de-daech-dans-les-derniers-quartiers-de-la-vieille-ville-de-mossoul","status":"publish","type":"post","link":"https:\/\/www.lejournalduforkane.com\/index.php\/video-un-apercu-des-rudes-combats-livres-par-les-forces-irakiennes-face-aux-terroristes-de-daech-dans-les-derniers-quartiers-de-la-vieille-ville-de-mossoul\/","title":{"rendered":"[Vid\u00e9o] | Un aper\u00e7u des rudes combats livr\u00e9s par les forces irakiennes face aux terroristes de Daech dans les derniers quartiers de la vieille ville de Mossoul"},"content":{"rendered":"<p style=\"text-align: justify;\"><!--more--><\/p>\n<div id=\"js_lf\" class=\"_5pbx userContent\" data-ft=\"{&quot;tn&quot;:&quot;K&quot;}\">\n<p style=\"text-align: justify;\">Gr\u00e2ce au courage de l\u2019arm\u00e9e irakienne et des unit\u00e9s de la mobilisation populaire, Mossoul sera bient\u00f4t totalement d\u00e9barrass\u00e9e de la vermine salafiste-wahhabite de DAESH et de tous les autres groupes arm\u00e9s qui travaillent pour l\u2019ennemi ! Gr\u00e2ce \u00e0 leur sacrifice Dieu leur enverra Al-Mahdi le sauveur de toute l\u2019humanit\u00e9\u2026<\/p>\n<\/div>\n<p><iframe loading=\"lazy\" src=\"https:\/\/www.youtube.com\/embed\/rBWrTyMUZI4\" width=\"560\" height=\"315\" frameborder=\"0\" allowfullscreen=\"allowfullscreen\"><\/iframe><\/p>\n","protected":false},"excerpt":{"rendered":"Gr\u00e2ce au courage de l\u2019arm\u00e9e irakienne et des unit\u00e9s de la mobilisation populaire, Mossoul sera bient\u00f4t totalement d\u00e9barrass\u00e9e de la vermine salafiste-wahhabite de DAESH et de tous les autres groupes","protected":false},"author":2,"featured_media":0,"comment_status":"closed","ping_status":"open","sticky":false,"template":"","format":"standard","meta":[],"categories":[49],"tags":[],"_links":{"self":[{"href":"https:\/\/www.lejournalduforkane.com\/index.php\/wp-json\/wp\/v2\/posts\/16979"}],"collection":[{"href":"https:\/\/www.lejournalduforkane.com\/index.php\/wp-json\/wp\/v2\/posts"}],"about":[{"href":"https:\/\/www.lejournalduforkane.com\/index.php\/wp-json\/wp\/v2\/types\/post"}],"author":[{"embeddable":true,"href":"https:\/\/www.lejournalduforkane.com\/index.php\/wp-json\/wp\/v2\/users\/2"}],"replies":[{"embeddable":true,"href":"https:\/\/www.lejournalduforkane.com\/index.php\/wp-json\/wp\/v2\/comments?post=16979"}],"version-history":[{"count":1,"href":"https:\/\/www.lejournalduforkane.com\/index.php\/wp-json\/wp\/v2\/posts\/16979\/revisions"}],"predecessor-version":[{"id":16981,"href":"https:\/\/www.lejournalduforkane.com\/index.php\/wp-json\/wp\/v2\/posts\/16979\/revisions\/16981"}],"wp:attachment":[{"href":"https:\/\/www.lejournalduforkane.com\/index.php\/wp-json\/wp\/v2\/media?parent=16979"}],"wp:term":[{"taxonomy":"category","embeddable":true,"href":"https:\/\/www.lejournalduforkane.com\/index.php\/wp-json\/wp\/v2\/categories?post=16979"},{"taxonomy":"post_tag","embeddable":true,"href":"https:\/\/www.lejournalduforkane.com\/index.php\/wp-json\/wp\/v2\/tags?post=16979"}],"curies":[{"name":"wp","href":"https:\/\/api.w.org\/{rel}","templated":true}]}}