
{"id":16989,"date":"2017-07-09T18:47:22","date_gmt":"2017-07-09T18:47:22","guid":{"rendered":"https:\/\/www.lejournalduforkane.com\/?p=16989"},"modified":"2017-07-09T18:47:22","modified_gmt":"2017-07-09T18:47:22","slug":"video-le-1er-ministre-irakien-haydar-al-abadi-a-mossoul-pour-proclamer-officiellement-la-liberation-de-la-ville","status":"publish","type":"post","link":"https:\/\/www.lejournalduforkane.com\/index.php\/video-le-1er-ministre-irakien-haydar-al-abadi-a-mossoul-pour-proclamer-officiellement-la-liberation-de-la-ville\/","title":{"rendered":"[Vid\u00e9o] | Le 1er ministre irakien Haydar Al &lsquo;Abadi \u00e0 Mossoul pour proclamer officiellement la lib\u00e9ration de la ville"},"content":{"rendered":"<p><!--more--><\/p>\n<div class=\"_h8t\">\n<div class=\"_5wd9 direction_ltr\">\n<div class=\"_5wde _n4o\">\n<div class=\"_5w1r _3_om _5wdf\">\n<div class=\"_4gx_\">\n<div class=\"_d97\" style=\"text-align: justify;\"><span class=\"_5yl5\">Gr\u00e2ce au courage de l\u2019arm\u00e9e irakienne et des unit\u00e9s de mobilisation populaire, Mossoul est officiellement lib\u00e9r\u00e9e et d\u00e9barrass\u00e9e de la vermine salafiste-wahhabite de DAESH et de tous les autres groupes arm\u00e9s qui travaillent pour l\u2019ennemi ! Gr\u00e2ce \u00e0 leur sacrifice Dieu leur enverra Al-Mahdi le sauveur de toute l\u2019humanit\u00e9\u2026<\/span><\/div>\n<\/div>\n<\/div>\n<p><iframe loading=\"lazy\" src=\"https:\/\/www.youtube.com\/embed\/j9ayKsuejQI\" width=\"560\" height=\"315\" frameborder=\"0\" allowfullscreen=\"allowfullscreen\"><\/iframe><\/p>\n<\/div>\n<\/div>\n<\/div>\n","protected":false},"excerpt":{"rendered":"Gr\u00e2ce au courage de l\u2019arm\u00e9e irakienne et des unit\u00e9s de mobilisation populaire, Mossoul est officiellement lib\u00e9r\u00e9e et d\u00e9barrass\u00e9e de la vermine salafiste-wahhabite de DAESH et de tous les autres groupes","protected":false},"author":2,"featured_media":0,"comment_status":"closed","ping_status":"open","sticky":false,"template":"","format":"standard","meta":[],"categories":[49],"tags":[],"_links":{"self":[{"href":"https:\/\/www.lejournalduforkane.com\/index.php\/wp-json\/wp\/v2\/posts\/16989"}],"collection":[{"href":"https:\/\/www.lejournalduforkane.com\/index.php\/wp-json\/wp\/v2\/posts"}],"about":[{"href":"https:\/\/www.lejournalduforkane.com\/index.php\/wp-json\/wp\/v2\/types\/post"}],"author":[{"embeddable":true,"href":"https:\/\/www.lejournalduforkane.com\/index.php\/wp-json\/wp\/v2\/users\/2"}],"replies":[{"embeddable":true,"href":"https:\/\/www.lejournalduforkane.com\/index.php\/wp-json\/wp\/v2\/comments?post=16989"}],"version-history":[{"count":1,"href":"https:\/\/www.lejournalduforkane.com\/index.php\/wp-json\/wp\/v2\/posts\/16989\/revisions"}],"predecessor-version":[{"id":16991,"href":"https:\/\/www.lejournalduforkane.com\/index.php\/wp-json\/wp\/v2\/posts\/16989\/revisions\/16991"}],"wp:attachment":[{"href":"https:\/\/www.lejournalduforkane.com\/index.php\/wp-json\/wp\/v2\/media?parent=16989"}],"wp:term":[{"taxonomy":"category","embeddable":true,"href":"https:\/\/www.lejournalduforkane.com\/index.php\/wp-json\/wp\/v2\/categories?post=16989"},{"taxonomy":"post_tag","embeddable":true,"href":"https:\/\/www.lejournalduforkane.com\/index.php\/wp-json\/wp\/v2\/tags?post=16989"}],"curies":[{"name":"wp","href":"https:\/\/api.w.org\/{rel}","templated":true}]}}