
{"id":17025,"date":"2017-07-11T19:13:59","date_gmt":"2017-07-11T19:13:59","guid":{"rendered":"https:\/\/www.lejournalduforkane.com\/?p=17025"},"modified":"2017-07-11T19:13:59","modified_gmt":"2017-07-11T19:13:59","slug":"video-le-general-qassam-soleymani-des-forces-hostiles-dont-lamerique-ont-fonde-le-terrorisme-alors-que-liran-a-soutenu-lirak-pour-lemporter-sur-daech","status":"publish","type":"post","link":"https:\/\/www.lejournalduforkane.com\/index.php\/video-le-general-qassam-soleymani-des-forces-hostiles-dont-lamerique-ont-fonde-le-terrorisme-alors-que-liran-a-soutenu-lirak-pour-lemporter-sur-daech\/","title":{"rendered":"[Vid\u00e9o] | Le g\u00e9n\u00e9ral Qassam Soleymani : \u00ab\u00a0Des forces hostiles, dont l&rsquo;Am\u00e9rique ont fond\u00e9 le terrorisme alors que l&rsquo;Iran a soutenu l&rsquo;Irak pour l&#8217;emporter sur Daech\u00a0\u00bb"},"content":{"rendered":"<p><!--more--><\/p>\n<div id=\"js_e1\" class=\"_5pbx userContent\" data-ft=\"{&quot;tn&quot;:&quot;K&quot;}\">\n<p style=\"text-align: justify;\">Depuis septembre 2014, l\u2019Iran est venu en aide aux syriens et aux irakiens. Qassam Soleymani a pris en main la strat\u00e9gie militaire et su galvaniser les troupes. Depuis son arriv\u00e9e, l\u2019arm\u00e9e syrienne et irakienne vont de victoire en victoire\u2026<\/p>\n<p><iframe loading=\"lazy\" src=\"https:\/\/www.youtube.com\/embed\/VtRnYHYxLVE\" width=\"560\" height=\"315\" frameborder=\"0\" allowfullscreen=\"allowfullscreen\"><\/iframe><\/p>\n<\/div>\n","protected":false},"excerpt":{"rendered":"Depuis septembre 2014, l\u2019Iran est venu en aide aux syriens et aux irakiens. Qassam Soleymani a pris en main la strat\u00e9gie militaire et su galvaniser les troupes. Depuis son arriv\u00e9e,","protected":false},"author":2,"featured_media":0,"comment_status":"closed","ping_status":"open","sticky":false,"template":"","format":"standard","meta":[],"categories":[49],"tags":[],"_links":{"self":[{"href":"https:\/\/www.lejournalduforkane.com\/index.php\/wp-json\/wp\/v2\/posts\/17025"}],"collection":[{"href":"https:\/\/www.lejournalduforkane.com\/index.php\/wp-json\/wp\/v2\/posts"}],"about":[{"href":"https:\/\/www.lejournalduforkane.com\/index.php\/wp-json\/wp\/v2\/types\/post"}],"author":[{"embeddable":true,"href":"https:\/\/www.lejournalduforkane.com\/index.php\/wp-json\/wp\/v2\/users\/2"}],"replies":[{"embeddable":true,"href":"https:\/\/www.lejournalduforkane.com\/index.php\/wp-json\/wp\/v2\/comments?post=17025"}],"version-history":[{"count":1,"href":"https:\/\/www.lejournalduforkane.com\/index.php\/wp-json\/wp\/v2\/posts\/17025\/revisions"}],"predecessor-version":[{"id":17027,"href":"https:\/\/www.lejournalduforkane.com\/index.php\/wp-json\/wp\/v2\/posts\/17025\/revisions\/17027"}],"wp:attachment":[{"href":"https:\/\/www.lejournalduforkane.com\/index.php\/wp-json\/wp\/v2\/media?parent=17025"}],"wp:term":[{"taxonomy":"category","embeddable":true,"href":"https:\/\/www.lejournalduforkane.com\/index.php\/wp-json\/wp\/v2\/categories?post=17025"},{"taxonomy":"post_tag","embeddable":true,"href":"https:\/\/www.lejournalduforkane.com\/index.php\/wp-json\/wp\/v2\/tags?post=17025"}],"curies":[{"name":"wp","href":"https:\/\/api.w.org\/{rel}","templated":true}]}}