
{"id":17033,"date":"2017-07-12T18:54:05","date_gmt":"2017-07-12T18:54:05","guid":{"rendered":"https:\/\/www.lejournalduforkane.com\/?p=17033"},"modified":"2017-07-12T18:54:05","modified_gmt":"2017-07-12T18:54:05","slug":"video-lambassadeur-japonais-en-irak-felicite-en-langue-arabe-les-irakiens-pour-la-liberation-de-mossoul","status":"publish","type":"post","link":"https:\/\/www.lejournalduforkane.com\/index.php\/video-lambassadeur-japonais-en-irak-felicite-en-langue-arabe-les-irakiens-pour-la-liberation-de-mossoul\/","title":{"rendered":"[Vid\u00e9o] | L&rsquo;ambassadeur japonais en Irak f\u00e9licite en langue arabe les irakiens pour la lib\u00e9ration de Mossoul"},"content":{"rendered":"<p><!--more--><\/p>\n<div id=\"js_qt\" class=\"_5pbx userContent\" data-ft=\"{&quot;tn&quot;:&quot;K&quot;}\">\n<p>Dans le m\u00eame temps, les diplomaties occidentales n&rsquo;ont pas pris la peine de f\u00e9liciter le peuple irakien&#8230;<\/p>\n<\/div>\n<p><iframe loading=\"lazy\" src=\"https:\/\/www.youtube.com\/embed\/rXSmq6y9yCo\" width=\"560\" height=\"315\" frameborder=\"0\" allowfullscreen=\"allowfullscreen\"><\/iframe><\/p>\n","protected":false},"excerpt":{"rendered":"Dans le m\u00eame temps, les diplomaties occidentales n'ont pas pris la peine de f\u00e9liciter le peuple irakien...","protected":false},"author":2,"featured_media":0,"comment_status":"closed","ping_status":"open","sticky":false,"template":"","format":"standard","meta":[],"categories":[49],"tags":[],"_links":{"self":[{"href":"https:\/\/www.lejournalduforkane.com\/index.php\/wp-json\/wp\/v2\/posts\/17033"}],"collection":[{"href":"https:\/\/www.lejournalduforkane.com\/index.php\/wp-json\/wp\/v2\/posts"}],"about":[{"href":"https:\/\/www.lejournalduforkane.com\/index.php\/wp-json\/wp\/v2\/types\/post"}],"author":[{"embeddable":true,"href":"https:\/\/www.lejournalduforkane.com\/index.php\/wp-json\/wp\/v2\/users\/2"}],"replies":[{"embeddable":true,"href":"https:\/\/www.lejournalduforkane.com\/index.php\/wp-json\/wp\/v2\/comments?post=17033"}],"version-history":[{"count":1,"href":"https:\/\/www.lejournalduforkane.com\/index.php\/wp-json\/wp\/v2\/posts\/17033\/revisions"}],"predecessor-version":[{"id":17035,"href":"https:\/\/www.lejournalduforkane.com\/index.php\/wp-json\/wp\/v2\/posts\/17033\/revisions\/17035"}],"wp:attachment":[{"href":"https:\/\/www.lejournalduforkane.com\/index.php\/wp-json\/wp\/v2\/media?parent=17033"}],"wp:term":[{"taxonomy":"category","embeddable":true,"href":"https:\/\/www.lejournalduforkane.com\/index.php\/wp-json\/wp\/v2\/categories?post=17033"},{"taxonomy":"post_tag","embeddable":true,"href":"https:\/\/www.lejournalduforkane.com\/index.php\/wp-json\/wp\/v2\/tags?post=17033"}],"curies":[{"name":"wp","href":"https:\/\/api.w.org\/{rel}","templated":true}]}}