
{"id":17055,"date":"2017-07-14T17:43:07","date_gmt":"2017-07-14T17:43:07","guid":{"rendered":"https:\/\/www.lejournalduforkane.com\/?p=17055"},"modified":"2017-07-14T17:43:07","modified_gmt":"2017-07-14T17:43:07","slug":"video-choc-brutalite-des-forces-doccupation-sionistes-qui-abattent-de-sang-froid-3-jeunes-palestiniens","status":"publish","type":"post","link":"https:\/\/www.lejournalduforkane.com\/index.php\/video-choc-brutalite-des-forces-doccupation-sionistes-qui-abattent-de-sang-froid-3-jeunes-palestiniens\/","title":{"rendered":"VIDEO CHOC: brutalit\u00e9 des forces d&rsquo;occupation sionistes qui abattent de sang froid 3 jeunes Palestiniens"},"content":{"rendered":"<p><!--more--><\/p>\n<p style=\"text-align: justify;\">Regardez la brutalit\u00e9 des forces d&rsquo;occupation sionistes qui abattent de sang froid 3 jeunes Palestiniens<\/p>\n<p style=\"text-align: justify;\">3 martyrs Palestiniens. Un, comme vous pouvez le voir, a \u00e9t\u00e9 abattu de sang froid par des soldats isra\u00e9liens dans la mosqu\u00e9e d&rsquo;Al Aqsa<\/p>\n<p><iframe loading=\"lazy\" src=\"https:\/\/www.youtube.com\/embed\/e3KWtZIXWUw\" width=\"560\" height=\"315\" frameborder=\"0\" allowfullscreen=\"allowfullscreen\"><\/iframe><\/p>\n","protected":false},"excerpt":{"rendered":"Regardez la brutalit\u00e9 des forces d'occupation sionistes qui abattent de sang froid 3 jeunes Palestiniens 3 martyrs Palestiniens. Un, comme vous pouvez le voir, a \u00e9t\u00e9 abattu de sang froid","protected":false},"author":2,"featured_media":0,"comment_status":"closed","ping_status":"open","sticky":false,"template":"","format":"standard","meta":[],"categories":[49],"tags":[],"_links":{"self":[{"href":"https:\/\/www.lejournalduforkane.com\/index.php\/wp-json\/wp\/v2\/posts\/17055"}],"collection":[{"href":"https:\/\/www.lejournalduforkane.com\/index.php\/wp-json\/wp\/v2\/posts"}],"about":[{"href":"https:\/\/www.lejournalduforkane.com\/index.php\/wp-json\/wp\/v2\/types\/post"}],"author":[{"embeddable":true,"href":"https:\/\/www.lejournalduforkane.com\/index.php\/wp-json\/wp\/v2\/users\/2"}],"replies":[{"embeddable":true,"href":"https:\/\/www.lejournalduforkane.com\/index.php\/wp-json\/wp\/v2\/comments?post=17055"}],"version-history":[{"count":1,"href":"https:\/\/www.lejournalduforkane.com\/index.php\/wp-json\/wp\/v2\/posts\/17055\/revisions"}],"predecessor-version":[{"id":17057,"href":"https:\/\/www.lejournalduforkane.com\/index.php\/wp-json\/wp\/v2\/posts\/17055\/revisions\/17057"}],"wp:attachment":[{"href":"https:\/\/www.lejournalduforkane.com\/index.php\/wp-json\/wp\/v2\/media?parent=17055"}],"wp:term":[{"taxonomy":"category","embeddable":true,"href":"https:\/\/www.lejournalduforkane.com\/index.php\/wp-json\/wp\/v2\/categories?post=17055"},{"taxonomy":"post_tag","embeddable":true,"href":"https:\/\/www.lejournalduforkane.com\/index.php\/wp-json\/wp\/v2\/tags?post=17055"}],"curies":[{"name":"wp","href":"https:\/\/api.w.org\/{rel}","templated":true}]}}