
{"id":17076,"date":"2017-07-17T18:35:25","date_gmt":"2017-07-17T18:35:25","guid":{"rendered":"https:\/\/www.lejournalduforkane.com\/?p=17076"},"modified":"2017-07-17T18:51:17","modified_gmt":"2017-07-17T18:51:17","slug":"video-hassan-nasrallah-sistani-et-khamenei-ont-joue-un-role-decisif-dans-la-liberation-de-mossoul","status":"publish","type":"post","link":"https:\/\/www.lejournalduforkane.com\/index.php\/video-hassan-nasrallah-sistani-et-khamenei-ont-joue-un-role-decisif-dans-la-liberation-de-mossoul\/","title":{"rendered":"[Vid\u00e9o] | Hassan Nasrallah : Sistani et Khamenei ont jou\u00e9 un r\u00f4le d\u00e9cisif dans la lib\u00e9ration de Mossoul"},"content":{"rendered":"<p><!--more--><\/p>\n<div id=\"js_x2\" class=\"_5pbx userContent\" data-ft=\"{&quot;tn&quot;:&quot;K&quot;}\">\n<p>Discours du Secr\u00e9taire G\u00e9n\u00e9ral du Hezbollah, Sayed Hassan Nasrallah, le 11 juillet 2017, apr\u00e8s la lib\u00e9ration de Mossoul<\/p>\n<\/div>\n<p><iframe loading=\"lazy\" src=\"https:\/\/www.youtube.com\/embed\/WYch9HUEM5A\" width=\"560\" height=\"315\" frameborder=\"0\" allowfullscreen=\"allowfullscreen\"><\/iframe><\/p>\n","protected":false},"excerpt":{"rendered":"Discours du Secr\u00e9taire G\u00e9n\u00e9ral du Hezbollah, Sayed Hassan Nasrallah, le 11 juillet 2017, apr\u00e8s la lib\u00e9ration de Mossoul","protected":false},"author":2,"featured_media":0,"comment_status":"closed","ping_status":"open","sticky":false,"template":"","format":"standard","meta":[],"categories":[49],"tags":[],"_links":{"self":[{"href":"https:\/\/www.lejournalduforkane.com\/index.php\/wp-json\/wp\/v2\/posts\/17076"}],"collection":[{"href":"https:\/\/www.lejournalduforkane.com\/index.php\/wp-json\/wp\/v2\/posts"}],"about":[{"href":"https:\/\/www.lejournalduforkane.com\/index.php\/wp-json\/wp\/v2\/types\/post"}],"author":[{"embeddable":true,"href":"https:\/\/www.lejournalduforkane.com\/index.php\/wp-json\/wp\/v2\/users\/2"}],"replies":[{"embeddable":true,"href":"https:\/\/www.lejournalduforkane.com\/index.php\/wp-json\/wp\/v2\/comments?post=17076"}],"version-history":[{"count":1,"href":"https:\/\/www.lejournalduforkane.com\/index.php\/wp-json\/wp\/v2\/posts\/17076\/revisions"}],"predecessor-version":[{"id":17078,"href":"https:\/\/www.lejournalduforkane.com\/index.php\/wp-json\/wp\/v2\/posts\/17076\/revisions\/17078"}],"wp:attachment":[{"href":"https:\/\/www.lejournalduforkane.com\/index.php\/wp-json\/wp\/v2\/media?parent=17076"}],"wp:term":[{"taxonomy":"category","embeddable":true,"href":"https:\/\/www.lejournalduforkane.com\/index.php\/wp-json\/wp\/v2\/categories?post=17076"},{"taxonomy":"post_tag","embeddable":true,"href":"https:\/\/www.lejournalduforkane.com\/index.php\/wp-json\/wp\/v2\/tags?post=17076"}],"curies":[{"name":"wp","href":"https:\/\/api.w.org\/{rel}","templated":true}]}}