
{"id":17086,"date":"2017-07-18T18:36:23","date_gmt":"2017-07-18T18:36:23","guid":{"rendered":"https:\/\/www.lejournalduforkane.com\/?p=17086"},"modified":"2017-07-18T18:36:23","modified_gmt":"2017-07-18T18:36:23","slug":"video-les-palestiniens-refusent-de-passer-par-les-portiques-de-securite-pour-avoir-acces-a-lesplanade-des-mosquee-a-al-aqsa","status":"publish","type":"post","link":"https:\/\/www.lejournalduforkane.com\/index.php\/video-les-palestiniens-refusent-de-passer-par-les-portiques-de-securite-pour-avoir-acces-a-lesplanade-des-mosquee-a-al-aqsa\/","title":{"rendered":"[Vid\u00e9o] | Les Palestiniens refusent de passer par les portiques de s\u00e9curit\u00e9 pour avoir acc\u00e8s \u00e0 l&rsquo;esplanade des Mosqu\u00e9e \u00e0 Al Aqsa"},"content":{"rendered":"<p><!--more--><\/p>\n<div id=\"js_7s\" class=\"_5pbx userContent\" data-ft=\"{&quot;tn&quot;:&quot;K&quot;}\">\n<p>Isra\u00ebl n&rsquo;a aucun droit d&rsquo;imposer ses r\u00e8gles \u00e0 la mosqu\u00e9e Al-Aqsa.<br \/>\n<iframe loading=\"lazy\" src=\"https:\/\/www.youtube.com\/embed\/EERKNbukYgY\" width=\"560\" height=\"315\" frameborder=\"0\" allowfullscreen=\"allowfullscreen\"><\/iframe>\n<\/div>\n","protected":false},"excerpt":{"rendered":"Isra\u00ebl n'a aucun droit d'imposer ses r\u00e8gles \u00e0 la mosqu\u00e9e Al-Aqsa.","protected":false},"author":2,"featured_media":0,"comment_status":"closed","ping_status":"open","sticky":false,"template":"","format":"standard","meta":[],"categories":[49],"tags":[],"_links":{"self":[{"href":"https:\/\/www.lejournalduforkane.com\/index.php\/wp-json\/wp\/v2\/posts\/17086"}],"collection":[{"href":"https:\/\/www.lejournalduforkane.com\/index.php\/wp-json\/wp\/v2\/posts"}],"about":[{"href":"https:\/\/www.lejournalduforkane.com\/index.php\/wp-json\/wp\/v2\/types\/post"}],"author":[{"embeddable":true,"href":"https:\/\/www.lejournalduforkane.com\/index.php\/wp-json\/wp\/v2\/users\/2"}],"replies":[{"embeddable":true,"href":"https:\/\/www.lejournalduforkane.com\/index.php\/wp-json\/wp\/v2\/comments?post=17086"}],"version-history":[{"count":1,"href":"https:\/\/www.lejournalduforkane.com\/index.php\/wp-json\/wp\/v2\/posts\/17086\/revisions"}],"predecessor-version":[{"id":17088,"href":"https:\/\/www.lejournalduforkane.com\/index.php\/wp-json\/wp\/v2\/posts\/17086\/revisions\/17088"}],"wp:attachment":[{"href":"https:\/\/www.lejournalduforkane.com\/index.php\/wp-json\/wp\/v2\/media?parent=17086"}],"wp:term":[{"taxonomy":"category","embeddable":true,"href":"https:\/\/www.lejournalduforkane.com\/index.php\/wp-json\/wp\/v2\/categories?post=17086"},{"taxonomy":"post_tag","embeddable":true,"href":"https:\/\/www.lejournalduforkane.com\/index.php\/wp-json\/wp\/v2\/tags?post=17086"}],"curies":[{"name":"wp","href":"https:\/\/api.w.org\/{rel}","templated":true}]}}