
{"id":17112,"date":"2017-07-20T09:39:39","date_gmt":"2017-07-20T09:39:39","guid":{"rendered":"https:\/\/www.lejournalduforkane.com\/?p=17112"},"modified":"2017-07-20T09:39:39","modified_gmt":"2017-07-20T09:39:39","slug":"video-la-russie-livre-des-tonnes-daide-humanitaire-au-yemen","status":"publish","type":"post","link":"https:\/\/www.lejournalduforkane.com\/index.php\/video-la-russie-livre-des-tonnes-daide-humanitaire-au-yemen\/","title":{"rendered":"[Vid\u00e9o] | La Russie livre des tonnes d\u2019aide humanitaire au Y\u00e9men"},"content":{"rendered":"<p style=\"text-align: justify;\"><!--more--><\/p>\n<div id=\"js_du\" class=\"_5pbx userContent\" style=\"text-align: justify;\" data-ft=\"{&quot;tn&quot;:&quot;K&quot;}\">\n<p>Un avion du minist\u00e8re russe des Situations d\u2019urgence transportant plus de 20 tonnes d\u2019aide humanitaire a atterri le 18 juillet \u00e0 l\u2019a\u00e9roport de la capitale y\u00e9m\u00e9nite, Sanaa. Le cargo contenait nourriture, tentes et m\u00e9dicaments.<\/p>\n<p>Le Y\u00e9men est en proie \u00e0 une grave crise humanitaire dans laquelle 2 millions de personnes ont \u00e9t\u00e9 d\u00e9plac\u00e9es, la malnutrition s\u00e9vit. L\u2019\u00e9pid\u00e9mie de chol\u00e9ra est la derni\u00e8re menace mortelle.<\/p>\n<\/div>\n<p style=\"text-align: justify;\"><iframe loading=\"lazy\" src=\"https:\/\/www.youtube.com\/embed\/hNH7qW13DrY\" width=\"560\" height=\"315\" frameborder=\"0\" allowfullscreen=\"allowfullscreen\"><\/iframe><\/p>\n","protected":false},"excerpt":{"rendered":"Un avion du minist\u00e8re russe des Situations d\u2019urgence transportant plus de 20 tonnes d\u2019aide humanitaire a atterri le 18 juillet \u00e0 l\u2019a\u00e9roport de la capitale y\u00e9m\u00e9nite, Sanaa. Le cargo contenait","protected":false},"author":2,"featured_media":0,"comment_status":"closed","ping_status":"open","sticky":false,"template":"","format":"standard","meta":[],"categories":[49],"tags":[],"_links":{"self":[{"href":"https:\/\/www.lejournalduforkane.com\/index.php\/wp-json\/wp\/v2\/posts\/17112"}],"collection":[{"href":"https:\/\/www.lejournalduforkane.com\/index.php\/wp-json\/wp\/v2\/posts"}],"about":[{"href":"https:\/\/www.lejournalduforkane.com\/index.php\/wp-json\/wp\/v2\/types\/post"}],"author":[{"embeddable":true,"href":"https:\/\/www.lejournalduforkane.com\/index.php\/wp-json\/wp\/v2\/users\/2"}],"replies":[{"embeddable":true,"href":"https:\/\/www.lejournalduforkane.com\/index.php\/wp-json\/wp\/v2\/comments?post=17112"}],"version-history":[{"count":1,"href":"https:\/\/www.lejournalduforkane.com\/index.php\/wp-json\/wp\/v2\/posts\/17112\/revisions"}],"predecessor-version":[{"id":17114,"href":"https:\/\/www.lejournalduforkane.com\/index.php\/wp-json\/wp\/v2\/posts\/17112\/revisions\/17114"}],"wp:attachment":[{"href":"https:\/\/www.lejournalduforkane.com\/index.php\/wp-json\/wp\/v2\/media?parent=17112"}],"wp:term":[{"taxonomy":"category","embeddable":true,"href":"https:\/\/www.lejournalduforkane.com\/index.php\/wp-json\/wp\/v2\/categories?post=17112"},{"taxonomy":"post_tag","embeddable":true,"href":"https:\/\/www.lejournalduforkane.com\/index.php\/wp-json\/wp\/v2\/tags?post=17112"}],"curies":[{"name":"wp","href":"https:\/\/api.w.org\/{rel}","templated":true}]}}