
{"id":17115,"date":"2017-07-20T09:45:58","date_gmt":"2017-07-20T09:45:58","guid":{"rendered":"https:\/\/www.lejournalduforkane.com\/?p=17115"},"modified":"2017-07-20T09:45:58","modified_gmt":"2017-07-20T09:45:58","slug":"video-regardez-comment-cet-helicoptere-de-larmee-de-lair-irakienne-extermine-les-rescapes-de-daesh-mossoul-qui-tentent-de-fuir-la-ville-a-la-nage","status":"publish","type":"post","link":"https:\/\/www.lejournalduforkane.com\/index.php\/video-regardez-comment-cet-helicoptere-de-larmee-de-lair-irakienne-extermine-les-rescapes-de-daesh-mossoul-qui-tentent-de-fuir-la-ville-a-la-nage\/","title":{"rendered":"[Vid\u00e9o] | Regardez comment cet h\u00e9licopt\u00e8re de l&rsquo;arm\u00e9e de l&rsquo;air irakienne extermine les rescap\u00e9s de Daesh (Mossoul), qui tentent de fuir la ville \u00e0 la nage.."},"content":{"rendered":"<p><!--more--><\/p>\n<p><iframe loading=\"lazy\" src=\"https:\/\/www.youtube.com\/embed\/sNlRH_3vnHE\" width=\"560\" height=\"315\" frameborder=\"0\" allowfullscreen=\"allowfullscreen\"><\/iframe><\/p>\n","protected":false},"excerpt":{"rendered":"","protected":false},"author":2,"featured_media":0,"comment_status":"closed","ping_status":"open","sticky":false,"template":"","format":"standard","meta":[],"categories":[49],"tags":[],"_links":{"self":[{"href":"https:\/\/www.lejournalduforkane.com\/index.php\/wp-json\/wp\/v2\/posts\/17115"}],"collection":[{"href":"https:\/\/www.lejournalduforkane.com\/index.php\/wp-json\/wp\/v2\/posts"}],"about":[{"href":"https:\/\/www.lejournalduforkane.com\/index.php\/wp-json\/wp\/v2\/types\/post"}],"author":[{"embeddable":true,"href":"https:\/\/www.lejournalduforkane.com\/index.php\/wp-json\/wp\/v2\/users\/2"}],"replies":[{"embeddable":true,"href":"https:\/\/www.lejournalduforkane.com\/index.php\/wp-json\/wp\/v2\/comments?post=17115"}],"version-history":[{"count":1,"href":"https:\/\/www.lejournalduforkane.com\/index.php\/wp-json\/wp\/v2\/posts\/17115\/revisions"}],"predecessor-version":[{"id":17117,"href":"https:\/\/www.lejournalduforkane.com\/index.php\/wp-json\/wp\/v2\/posts\/17115\/revisions\/17117"}],"wp:attachment":[{"href":"https:\/\/www.lejournalduforkane.com\/index.php\/wp-json\/wp\/v2\/media?parent=17115"}],"wp:term":[{"taxonomy":"category","embeddable":true,"href":"https:\/\/www.lejournalduforkane.com\/index.php\/wp-json\/wp\/v2\/categories?post=17115"},{"taxonomy":"post_tag","embeddable":true,"href":"https:\/\/www.lejournalduforkane.com\/index.php\/wp-json\/wp\/v2\/tags?post=17115"}],"curies":[{"name":"wp","href":"https:\/\/api.w.org\/{rel}","templated":true}]}}