
{"id":17126,"date":"2017-07-21T18:46:16","date_gmt":"2017-07-21T18:46:16","guid":{"rendered":"https:\/\/www.lejournalduforkane.com\/?p=17126"},"modified":"2017-07-21T18:46:16","modified_gmt":"2017-07-21T18:46:16","slug":"video-cetait-il-y-a-quelques-heures-a-lexterieur-de-la-mosquee-dal-aqsa-a-jerusalem","status":"publish","type":"post","link":"https:\/\/www.lejournalduforkane.com\/index.php\/video-cetait-il-y-a-quelques-heures-a-lexterieur-de-la-mosquee-dal-aqsa-a-jerusalem\/","title":{"rendered":"[VIDEO] C\u2019\u00e9tait il y a quelques heures \u00e0 l&rsquo;ext\u00e9rieur de la mosqu\u00e9e d&rsquo;Al-Aqsa \u00e0 J\u00e9rusalem"},"content":{"rendered":"<p><!--more--><\/p>\n<p style=\"text-align: justify;\">C\u2019\u00e9tait il y a quelques heures\u00a0\u00e0 l&rsquo;ext\u00e9rieur de la mosqu\u00e9e d&rsquo;Al-Aqsa \u00e0 J\u00e9rusalem, o\u00f9 des milliers de palestiniens prient dans les rues pour protester contre la fermeture et les d\u00e9tecteurs de m\u00e9taux install\u00e9s \u00e0 leur mosqu\u00e9e.<\/p>\n<p style=\"text-align: justify;\">\n<p><iframe loading=\"lazy\" width=\"560\" height=\"315\" src=\"https:\/\/www.youtube.com\/embed\/pXt7xSCp0Ms\" frameborder=\"0\" allowfullscreen><\/iframe><\/p>\n","protected":false},"excerpt":{"rendered":"C\u2019\u00e9tait il y a quelques heures\u00a0\u00e0 l'ext\u00e9rieur de la mosqu\u00e9e d'Al-Aqsa \u00e0 J\u00e9rusalem, o\u00f9 des milliers de palestiniens prient dans les rues pour protester contre la fermeture et les d\u00e9tecteurs","protected":false},"author":2,"featured_media":0,"comment_status":"closed","ping_status":"open","sticky":false,"template":"","format":"standard","meta":[],"categories":[49],"tags":[],"_links":{"self":[{"href":"https:\/\/www.lejournalduforkane.com\/index.php\/wp-json\/wp\/v2\/posts\/17126"}],"collection":[{"href":"https:\/\/www.lejournalduforkane.com\/index.php\/wp-json\/wp\/v2\/posts"}],"about":[{"href":"https:\/\/www.lejournalduforkane.com\/index.php\/wp-json\/wp\/v2\/types\/post"}],"author":[{"embeddable":true,"href":"https:\/\/www.lejournalduforkane.com\/index.php\/wp-json\/wp\/v2\/users\/2"}],"replies":[{"embeddable":true,"href":"https:\/\/www.lejournalduforkane.com\/index.php\/wp-json\/wp\/v2\/comments?post=17126"}],"version-history":[{"count":1,"href":"https:\/\/www.lejournalduforkane.com\/index.php\/wp-json\/wp\/v2\/posts\/17126\/revisions"}],"predecessor-version":[{"id":17130,"href":"https:\/\/www.lejournalduforkane.com\/index.php\/wp-json\/wp\/v2\/posts\/17126\/revisions\/17130"}],"wp:attachment":[{"href":"https:\/\/www.lejournalduforkane.com\/index.php\/wp-json\/wp\/v2\/media?parent=17126"}],"wp:term":[{"taxonomy":"category","embeddable":true,"href":"https:\/\/www.lejournalduforkane.com\/index.php\/wp-json\/wp\/v2\/categories?post=17126"},{"taxonomy":"post_tag","embeddable":true,"href":"https:\/\/www.lejournalduforkane.com\/index.php\/wp-json\/wp\/v2\/tags?post=17126"}],"curies":[{"name":"wp","href":"https:\/\/api.w.org\/{rel}","templated":true}]}}