
{"id":17129,"date":"2017-07-21T18:47:35","date_gmt":"2017-07-21T18:47:35","guid":{"rendered":"https:\/\/www.lejournalduforkane.com\/?p=17129"},"modified":"2017-07-21T18:48:45","modified_gmt":"2017-07-21T18:48:45","slug":"regardez-ce-courageux-vieil-homme-palestinien-qui-crie-face-aux-occupants-je-suis-pret-a-sacrifier-ma-vie-pour-la-mosquee-d-aqsa","status":"publish","type":"post","link":"https:\/\/www.lejournalduforkane.com\/index.php\/regardez-ce-courageux-vieil-homme-palestinien-qui-crie-face-aux-occupants-je-suis-pret-a-sacrifier-ma-vie-pour-la-mosquee-d-aqsa\/","title":{"rendered":"Regardez ce courageux vieil homme palestinien qui crie face aux occupants : \u00ab\u00a0je suis pr\u00eat \u00e0 sacrifier ma vie pour la mosqu\u00e9e d&rsquo; Aqsa\u00a0\u00bb"},"content":{"rendered":"<p><!--more--><\/p>\n<p style=\"text-align: justify;\">Il continue \u00ab\u00a0Avec notre sang et notre \u00e2me, nous nous sacrifierons pour al-Aqsa.\u00a0\u00bb<\/p>\n<p style=\"text-align: justify;\">Tant qu&rsquo;il y aura une occupation, il y aura de la r\u00e9sistance, c&rsquo;est aussi simple.<\/p>\n<div class=\"text_exposed_show\">\n<p style=\"text-align: justify;\">Honte aux dirigeants musulmans qui ont laiss\u00e9 les palestiniens seuls<\/p>\n<\/div>\n<p><iframe loading=\"lazy\" width=\"560\" height=\"315\" src=\"https:\/\/www.youtube.com\/embed\/8q1uOly8A6g\" frameborder=\"0\" allowfullscreen><\/iframe><\/p>\n","protected":false},"excerpt":{"rendered":"Il continue \"Avec notre sang et notre \u00e2me, nous nous sacrifierons pour al-Aqsa.\" Tant qu'il y aura une occupation, il y aura de la r\u00e9sistance, c'est aussi simple. Honte aux","protected":false},"author":2,"featured_media":17127,"comment_status":"closed","ping_status":"open","sticky":false,"template":"","format":"standard","meta":[],"categories":[49],"tags":[],"_links":{"self":[{"href":"https:\/\/www.lejournalduforkane.com\/index.php\/wp-json\/wp\/v2\/posts\/17129"}],"collection":[{"href":"https:\/\/www.lejournalduforkane.com\/index.php\/wp-json\/wp\/v2\/posts"}],"about":[{"href":"https:\/\/www.lejournalduforkane.com\/index.php\/wp-json\/wp\/v2\/types\/post"}],"author":[{"embeddable":true,"href":"https:\/\/www.lejournalduforkane.com\/index.php\/wp-json\/wp\/v2\/users\/2"}],"replies":[{"embeddable":true,"href":"https:\/\/www.lejournalduforkane.com\/index.php\/wp-json\/wp\/v2\/comments?post=17129"}],"version-history":[{"count":1,"href":"https:\/\/www.lejournalduforkane.com\/index.php\/wp-json\/wp\/v2\/posts\/17129\/revisions"}],"predecessor-version":[{"id":17131,"href":"https:\/\/www.lejournalduforkane.com\/index.php\/wp-json\/wp\/v2\/posts\/17129\/revisions\/17131"}],"wp:featuredmedia":[{"embeddable":true,"href":"https:\/\/www.lejournalduforkane.com\/index.php\/wp-json\/wp\/v2\/media\/17127"}],"wp:attachment":[{"href":"https:\/\/www.lejournalduforkane.com\/index.php\/wp-json\/wp\/v2\/media?parent=17129"}],"wp:term":[{"taxonomy":"category","embeddable":true,"href":"https:\/\/www.lejournalduforkane.com\/index.php\/wp-json\/wp\/v2\/categories?post=17129"},{"taxonomy":"post_tag","embeddable":true,"href":"https:\/\/www.lejournalduforkane.com\/index.php\/wp-json\/wp\/v2\/tags?post=17129"}],"curies":[{"name":"wp","href":"https:\/\/api.w.org\/{rel}","templated":true}]}}