
{"id":17132,"date":"2017-07-21T18:51:12","date_gmt":"2017-07-21T18:51:12","guid":{"rendered":"https:\/\/www.lejournalduforkane.com\/?p=17132"},"modified":"2017-07-21T18:51:12","modified_gmt":"2017-07-21T18:51:12","slug":"attaques-terroristes-israelienne-sur-les-serviteurs-de-la-mosquee-al-aqsa-il-y-a-quelques-heures","status":"publish","type":"post","link":"https:\/\/www.lejournalduforkane.com\/index.php\/attaques-terroristes-israelienne-sur-les-serviteurs-de-la-mosquee-al-aqsa-il-y-a-quelques-heures\/","title":{"rendered":"Attaques terroristes isra\u00e9lienne sur les serviteurs de la mosqu\u00e9e Al Aqsa il y a quelques heures"},"content":{"rendered":"<p><!--more--><\/p>\n<p style=\"text-align: justify;\">Les Palestiniens de J\u00e9rusalem occup\u00e9e sont terroris\u00e9s par les occupants isra\u00e9liens apr\u00e8s la pri\u00e8re du vendredi \u00e0 la mosqu\u00e9e Al-Aqsa<\/p>\n<p><iframe loading=\"lazy\" src=\"https:\/\/www.youtube.com\/embed\/yLDU9JuJJpk\" width=\"560\" height=\"315\" frameborder=\"0\" allowfullscreen=\"allowfullscreen\"><\/iframe><\/p>\n","protected":false},"excerpt":{"rendered":"Les Palestiniens de J\u00e9rusalem occup\u00e9e sont terroris\u00e9s par les occupants isra\u00e9liens apr\u00e8s la pri\u00e8re du vendredi \u00e0 la mosqu\u00e9e Al-Aqsa","protected":false},"author":2,"featured_media":0,"comment_status":"closed","ping_status":"open","sticky":false,"template":"","format":"standard","meta":[],"categories":[49],"tags":[],"_links":{"self":[{"href":"https:\/\/www.lejournalduforkane.com\/index.php\/wp-json\/wp\/v2\/posts\/17132"}],"collection":[{"href":"https:\/\/www.lejournalduforkane.com\/index.php\/wp-json\/wp\/v2\/posts"}],"about":[{"href":"https:\/\/www.lejournalduforkane.com\/index.php\/wp-json\/wp\/v2\/types\/post"}],"author":[{"embeddable":true,"href":"https:\/\/www.lejournalduforkane.com\/index.php\/wp-json\/wp\/v2\/users\/2"}],"replies":[{"embeddable":true,"href":"https:\/\/www.lejournalduforkane.com\/index.php\/wp-json\/wp\/v2\/comments?post=17132"}],"version-history":[{"count":1,"href":"https:\/\/www.lejournalduforkane.com\/index.php\/wp-json\/wp\/v2\/posts\/17132\/revisions"}],"predecessor-version":[{"id":17134,"href":"https:\/\/www.lejournalduforkane.com\/index.php\/wp-json\/wp\/v2\/posts\/17132\/revisions\/17134"}],"wp:attachment":[{"href":"https:\/\/www.lejournalduforkane.com\/index.php\/wp-json\/wp\/v2\/media?parent=17132"}],"wp:term":[{"taxonomy":"category","embeddable":true,"href":"https:\/\/www.lejournalduforkane.com\/index.php\/wp-json\/wp\/v2\/categories?post=17132"},{"taxonomy":"post_tag","embeddable":true,"href":"https:\/\/www.lejournalduforkane.com\/index.php\/wp-json\/wp\/v2\/tags?post=17132"}],"curies":[{"name":"wp","href":"https:\/\/api.w.org\/{rel}","templated":true}]}}