
{"id":17138,"date":"2017-07-23T13:09:30","date_gmt":"2017-07-23T13:09:30","guid":{"rendered":"https:\/\/www.lejournalduforkane.com\/?p=17138"},"modified":"2017-07-23T13:09:30","modified_gmt":"2017-07-23T13:09:30","slug":"le-peuple-est-sorti-dans-les-rues-dathenes-en-solidarite-avec-le-peuple-palestinien-et-pour-montrer-son-soutien-a-la-mosquee-al-aqsa","status":"publish","type":"post","link":"https:\/\/www.lejournalduforkane.com\/index.php\/le-peuple-est-sorti-dans-les-rues-dathenes-en-solidarite-avec-le-peuple-palestinien-et-pour-montrer-son-soutien-a-la-mosquee-al-aqsa\/","title":{"rendered":"Le peuple est sorti dans les rues d\u2019Ath\u00e8nes en solidarit\u00e9 avec le peuple palestinien et pour montrer son soutien \u00e0 la mosqu\u00e9e Al Aqsa"},"content":{"rendered":"<p style=\"text-align: justify;\"><!--more--><\/p>\n<p style=\"text-align: justify;\">Une fois de plus, le peuple grec est \u00e0 l\u2019honneur. Le peuple est sorti dans les rues d\u2019Ath\u00e8nes en solidarit\u00e9 avec le peuple palestinien et pour montrer son soutien \u00e0 la mosqu\u00e9e Al Aqsa.<\/p>\n<p style=\"text-align: justify;\">NOUS SOMMES DE TOUT C\u0152UR AVEC LES PALESTINIENS QUI MALGR\u00c9 LEUR SOUFFRANCE CONTINUENT DE LUTTER<\/p>\n<p><iframe loading=\"lazy\" src=\"https:\/\/www.youtube.com\/embed\/Tq0pY_FEtSY\" width=\"560\" height=\"315\" frameborder=\"0\" allowfullscreen=\"allowfullscreen\"><\/iframe><\/p>\n","protected":false},"excerpt":{"rendered":"Une fois de plus, le peuple grec est \u00e0 l\u2019honneur. Le peuple est sorti dans les rues d\u2019Ath\u00e8nes en solidarit\u00e9 avec le peuple palestinien et pour montrer son soutien \u00e0","protected":false},"author":2,"featured_media":0,"comment_status":"closed","ping_status":"open","sticky":false,"template":"","format":"standard","meta":[],"categories":[49],"tags":[],"_links":{"self":[{"href":"https:\/\/www.lejournalduforkane.com\/index.php\/wp-json\/wp\/v2\/posts\/17138"}],"collection":[{"href":"https:\/\/www.lejournalduforkane.com\/index.php\/wp-json\/wp\/v2\/posts"}],"about":[{"href":"https:\/\/www.lejournalduforkane.com\/index.php\/wp-json\/wp\/v2\/types\/post"}],"author":[{"embeddable":true,"href":"https:\/\/www.lejournalduforkane.com\/index.php\/wp-json\/wp\/v2\/users\/2"}],"replies":[{"embeddable":true,"href":"https:\/\/www.lejournalduforkane.com\/index.php\/wp-json\/wp\/v2\/comments?post=17138"}],"version-history":[{"count":1,"href":"https:\/\/www.lejournalduforkane.com\/index.php\/wp-json\/wp\/v2\/posts\/17138\/revisions"}],"predecessor-version":[{"id":17140,"href":"https:\/\/www.lejournalduforkane.com\/index.php\/wp-json\/wp\/v2\/posts\/17138\/revisions\/17140"}],"wp:attachment":[{"href":"https:\/\/www.lejournalduforkane.com\/index.php\/wp-json\/wp\/v2\/media?parent=17138"}],"wp:term":[{"taxonomy":"category","embeddable":true,"href":"https:\/\/www.lejournalduforkane.com\/index.php\/wp-json\/wp\/v2\/categories?post=17138"},{"taxonomy":"post_tag","embeddable":true,"href":"https:\/\/www.lejournalduforkane.com\/index.php\/wp-json\/wp\/v2\/tags?post=17138"}],"curies":[{"name":"wp","href":"https:\/\/api.w.org\/{rel}","templated":true}]}}