
{"id":17163,"date":"2017-12-10T17:28:08","date_gmt":"2017-12-10T17:28:08","guid":{"rendered":"https:\/\/www.lejournalduforkane.com\/?p=17163"},"modified":"2017-12-10T17:29:20","modified_gmt":"2017-12-10T17:29:20","slug":"un-saoudien-intervient-sur-une-chaine-tv-tunisienne-jamais-nous-ne-secouerons-al-aqsa","status":"publish","type":"post","link":"https:\/\/www.lejournalduforkane.com\/index.php\/un-saoudien-intervient-sur-une-chaine-tv-tunisienne-jamais-nous-ne-secouerons-al-aqsa\/","title":{"rendered":"Un saoudien intervient sur une cha\u00eene TV tunisienne : \u00ab\u00a0Jamais nous ne secouerons Al Aqsa !!!\u00a0\u00bb"},"content":{"rendered":"<p><!--more--><\/p>\n<p style=\"text-align: justify;\"><span class=\"_5yl5\">INCROYABLE MAIS VRAI : Un saoudien intervient sur une cha\u00eene TV tunisienne : \u00ab\u00a0Jamais nous ne secouerons Al Aqsa !!!\u00a0\u00bb Ce sont les propos tenus par un saoudien lors d&rsquo;une \u00e9mission sur la cha\u00eene tunisienne Elhiwar ettounsi TV. <\/span><\/p>\n<p style=\"text-align: justify;\"><span class=\"_5yl5\">Le pr\u00e9sentateur commence par lui dire : \u00a0\u00bb Vous interdisez les manifestations mais aujourd&rsquo;hui Al Aqsa vous appelle, est-ce que vous sortirez pour la soutenir ?\u00a0\u00bb<\/span><\/p>\n<p style=\"text-align: justify;\"><span class=\"_5yl5\"> Le saoudien lui r\u00e9pond : \u00a0\u00bb Jamais nous ne secouerons Al Aqsa !!! Jamais nous ne secouerons Al Aqsa !!!\u00a0\u00bb Le pr\u00e9sentateur est choqu\u00e9 et lui r\u00e9pond s\u00e8chement qu&rsquo; \u00ab\u00a0Al Asqa n&rsquo;a pas besoin de toi !\u00a0\u00bb<\/span><\/p>\n<p><iframe loading=\"lazy\" src=\"https:\/\/www.youtube.com\/embed\/NZyAjTMsVt8\" width=\"560\" height=\"315\" frameborder=\"0\" allowfullscreen=\"allowfullscreen\"><\/iframe><\/p>\n","protected":false},"excerpt":{"rendered":"INCROYABLE MAIS VRAI : Un saoudien intervient sur une cha\u00eene TV tunisienne : \"Jamais nous ne secouerons Al Aqsa !!!\" Ce sont les propos tenus par un saoudien lors d'une","protected":false},"author":2,"featured_media":0,"comment_status":"closed","ping_status":"open","sticky":false,"template":"","format":"standard","meta":[],"categories":[49],"tags":[],"_links":{"self":[{"href":"https:\/\/www.lejournalduforkane.com\/index.php\/wp-json\/wp\/v2\/posts\/17163"}],"collection":[{"href":"https:\/\/www.lejournalduforkane.com\/index.php\/wp-json\/wp\/v2\/posts"}],"about":[{"href":"https:\/\/www.lejournalduforkane.com\/index.php\/wp-json\/wp\/v2\/types\/post"}],"author":[{"embeddable":true,"href":"https:\/\/www.lejournalduforkane.com\/index.php\/wp-json\/wp\/v2\/users\/2"}],"replies":[{"embeddable":true,"href":"https:\/\/www.lejournalduforkane.com\/index.php\/wp-json\/wp\/v2\/comments?post=17163"}],"version-history":[{"count":1,"href":"https:\/\/www.lejournalduforkane.com\/index.php\/wp-json\/wp\/v2\/posts\/17163\/revisions"}],"predecessor-version":[{"id":17165,"href":"https:\/\/www.lejournalduforkane.com\/index.php\/wp-json\/wp\/v2\/posts\/17163\/revisions\/17165"}],"wp:attachment":[{"href":"https:\/\/www.lejournalduforkane.com\/index.php\/wp-json\/wp\/v2\/media?parent=17163"}],"wp:term":[{"taxonomy":"category","embeddable":true,"href":"https:\/\/www.lejournalduforkane.com\/index.php\/wp-json\/wp\/v2\/categories?post=17163"},{"taxonomy":"post_tag","embeddable":true,"href":"https:\/\/www.lejournalduforkane.com\/index.php\/wp-json\/wp\/v2\/tags?post=17163"}],"curies":[{"name":"wp","href":"https:\/\/api.w.org\/{rel}","templated":true}]}}