
{"id":17169,"date":"2017-07-23T17:56:13","date_gmt":"2017-07-23T17:56:13","guid":{"rendered":"https:\/\/www.lejournalduforkane.com\/?p=17169"},"modified":"2017-07-23T17:57:20","modified_gmt":"2017-07-23T17:57:20","slug":"video-regardez-comment-la-police-israelienne-interrompt-la-priere-pres-dal-aqsa-par-des-grenades-assourdissantes","status":"publish","type":"post","link":"https:\/\/www.lejournalduforkane.com\/index.php\/video-regardez-comment-la-police-israelienne-interrompt-la-priere-pres-dal-aqsa-par-des-grenades-assourdissantes\/","title":{"rendered":"VID\u00c9O CHOC : Regardez comment la police isra\u00e9lienne interrompt la pri\u00e8re pr\u00e8s d\u2019al-Aqsa par des grenades assourdissantes"},"content":{"rendered":"<p><!--more--><\/p>\n<p><iframe loading=\"lazy\" src=\"https:\/\/www.youtube.com\/embed\/TGchu9VtQTk\" width=\"560\" height=\"315\" frameborder=\"0\" allowfullscreen=\"allowfullscreen\"><\/iframe><\/p>\n","protected":false},"excerpt":{"rendered":"","protected":false},"author":2,"featured_media":0,"comment_status":"closed","ping_status":"open","sticky":false,"template":"","format":"standard","meta":[],"categories":[49],"tags":[],"_links":{"self":[{"href":"https:\/\/www.lejournalduforkane.com\/index.php\/wp-json\/wp\/v2\/posts\/17169"}],"collection":[{"href":"https:\/\/www.lejournalduforkane.com\/index.php\/wp-json\/wp\/v2\/posts"}],"about":[{"href":"https:\/\/www.lejournalduforkane.com\/index.php\/wp-json\/wp\/v2\/types\/post"}],"author":[{"embeddable":true,"href":"https:\/\/www.lejournalduforkane.com\/index.php\/wp-json\/wp\/v2\/users\/2"}],"replies":[{"embeddable":true,"href":"https:\/\/www.lejournalduforkane.com\/index.php\/wp-json\/wp\/v2\/comments?post=17169"}],"version-history":[{"count":1,"href":"https:\/\/www.lejournalduforkane.com\/index.php\/wp-json\/wp\/v2\/posts\/17169\/revisions"}],"predecessor-version":[{"id":17171,"href":"https:\/\/www.lejournalduforkane.com\/index.php\/wp-json\/wp\/v2\/posts\/17169\/revisions\/17171"}],"wp:attachment":[{"href":"https:\/\/www.lejournalduforkane.com\/index.php\/wp-json\/wp\/v2\/media?parent=17169"}],"wp:term":[{"taxonomy":"category","embeddable":true,"href":"https:\/\/www.lejournalduforkane.com\/index.php\/wp-json\/wp\/v2\/categories?post=17169"},{"taxonomy":"post_tag","embeddable":true,"href":"https:\/\/www.lejournalduforkane.com\/index.php\/wp-json\/wp\/v2\/tags?post=17169"}],"curies":[{"name":"wp","href":"https:\/\/api.w.org\/{rel}","templated":true}]}}